{"id":230824,"date":"2018-04-22T09:27:27","date_gmt":"2018-04-22T09:27:27","guid":{"rendered":"http:\/\/diariodominicano.ddns.net\/?p=230824"},"modified":"2018-04-22T09:27:27","modified_gmt":"2018-04-22T09:27:27","slug":"31-muertos-en-atentado-contra-oficina-de-censo-electoral-en-kabul","status":"publish","type":"post","link":"https:\/\/diariodominicano.com\/?p=230824","title":{"rendered":"31 muertos en atentado contra oficina de censo electoral en Kabul&#13;"},"content":{"rendered":"<p><body><\/p>\n<p><img decoding=\"async\" src=\"img3\/02ba7e23d5dabdcc57b7f51d8603d4a2ef9a177d.jpg\" \/><br \/><img decoding=\"async\" src=\"img3\/8d5703679369a1f212d39edcd479300a9804c0d6.jpg\" \/><br \/><img decoding=\"async\" src=\"img3\/c2e5567948584f44985c80fe7b23a7605770bae3.jpg\" \/>  <\/p>\n<\/p>\n<p>AFP \/ Wakil Kohsar<\/p>\n<p>Afganos lloran por sus seres queridos v\u00edctimas del atentado suicida que dej\u00f3 31 muertos este 22 de abril de 2018 en Kabul<\/p>\n<p>Al menos 31 civiles murieron y 54 resultaron heridos este domingo en un atentado suicida en Kabul contra un centro de empadronamiento electoral para las legislativas de octubre, seg\u00fan el ministerio de Salud, un ataque que confirma el riesgo de incidentes en esos comicios.<\/p>\n<\/p>\n<p>Un kamikaze se hizo estallar delante del centro de empadronamiento donde los electores recogen las c\u00e9dulas de identidad antes de inscribirse en el padr\u00f3n.<\/p>\n<\/p>\n<p>\u00abAhora sabemos que el gobierno es incapaz de protegernos\u00bb, grit\u00f3 un hombre, Akbar, insultando al presidente Ashraf Ghani antes que el canal Tolo News (privado) interrumpiera la transmisi\u00f3n.<\/p>\n<\/p>\n<p>\u00abMuerte al gobierno\u00bb, \u00abmuerte a los talibanes\u00bb, gritaba la multitud a su alrededor, mostrando c\u00e9dulas ensangrentadas y desparramadas por el suelo.<\/p>\n<\/p>\n<p>AFP \/ Shah Marai<\/p>\n<p>Este es el primer ataque en Kabul contra un centro de empadronamiento para las legislativas del 20 de octubre, proceso que comenz\u00f3 el 14 de abril, aunque otros dos centros de censo fueron atacados en el interior del pa\u00eds la \u00faltima semana<\/p>\n<p>Los talibanes indicaron, v\u00eda su portavoz, Zabibul\u00e1 Mujahid, que sus \u00abmuyaidines no tienen nada que ver con el ataque\u00bb, responsabilizando impl\u00edcitamente al grupo Estado Isl\u00e1mico (EI).<\/p>\n<\/p>\n<p>El atentado, que no fue reivindicado, se produjo por la ma\u00f1ana en un barrio de mayor\u00eda chiita del oeste de la capital, Sasht e Barshi. Los milicianos de Estado Isl\u00e1mico atacan regularmente a la minor\u00eda chiita desde 2016.<\/p>\n<\/p>\n<p>\u00abLa gente ven\u00eda a recoger sus c\u00e9dulas de identidad cuando se produjo la explosi\u00f3n en la entrada. Era un kamikaze\u00bb, declar\u00f3 el jefe de la polic\u00eda de Kabul, Dawood Amin.<\/p>\n<\/p>\n<p>Seg\u00fan el portavoz del ministerio de Salud, Wahid Majrooh, el \u00faltimo balance es de \u00ab31 muertos y 54 heridos\u00bb.<\/p>\n<\/p>\n<p>El portavoz del ministerio de Interior, Najib Danish, indic\u00f3 que hubo \u00ab10 muertos y 56 heridos\u00bb, agregando que \u00abel balance puede ser peor\u00bb. Precis\u00f3 que \u00abel kamikaze lleg\u00f3 a pie y accion\u00f3 su carga en medio de la multitud\u00bb.<\/p>\n<\/p>\n<p>Dados los importantes da\u00f1os, la carga deb\u00eda ser potente. En el piso hab\u00eda charcos de sangre y numerosos cuerpos. Los coches estaban carbonizados y un edificio de dos pisos, parcialmente destruido.<\/p>\n<\/p>\n<p>Este es el primer ataque en Kabul contra un centro de empadronamiento para las legislativas del 20 de octubre, proceso que comenz\u00f3 el 14 de abril.<\/p>\n<\/p>\n<p>AFP \/ Shah Marai<\/p>\n<p>El \u00faltimo atentado en la capital afgana fue el 21 de marzo. Al menos 30 personas murieron y 70 resultaron heridas. El grupo Estado Isl\u00e1mico reivindic\u00f3 esa operaci\u00f3n cometida por un kamikaze<\/p>\n<p>Pero otros dos centros de censo fueron atacados en el interior del pa\u00eds la \u00faltima semana.<\/p>\n<\/p>\n<p>El viernes un cohete impact\u00f3 en un centro de empadronamiento en la provincia de Badghis (norte), provocando un muerto y un herido entre los polic\u00edas que custodiaban el lugar, seg\u00fan el vicegobernador Faiz Mohamad Moizada contactado por AFP y que responsabiliz\u00f3 a los talibanes.<\/p>\n<\/p>\n<p>El martes, tres empleados de la comisi\u00f3n electoral y dos polic\u00edas fueron secuestrados durante 48 horas en la provincia de Ghor (centro). Tambi\u00e9n se acus\u00f3 de ello a los talibanes.<\/p>\n<\/p>\n<p>La violencia y los atentados son los principales obst\u00e1culos al buen desarrollo de las elecciones, admiti\u00f3 la comisi\u00f3n electoral, que abri\u00f3 centros de empadronamiento en las escuelas y las mezquitas principalmente, custodiados por la polic\u00eda.<\/p>\n<\/p>\n<p>AFP \/ Gal ROMA<\/p>\n<p>Localizaci\u00f3n del atentado suicida en Kabul<\/p>\n<p>\u00abLa inseguridad es nuestro principal desaf\u00edo y nuestra mayor inquietud\u00bb, dijo a AFP el presidente de la comisi\u00f3n, Abdul Baie Sayad.<\/p>\n<\/p>\n<p>Estas legislativas ser\u00e1n las primeras desde 2010 y la primera cita electoral desde la presidencial de 2014.<\/p>\n<\/p>\n<p>Muchos afganos quieren que la c\u00e1mara de diputados, de 249 esca\u00f1os, cambie. Su mandato termin\u00f3 hace tres a\u00f1os. Pero temen a\u00fan m\u00e1s unos comicios que no sirvan para nada por fraude y que los exponga a una violencia a\u00fan mayor.<\/p>\n<\/p>\n<p>El \u00faltimo atentado en la capital afgana fue el 21 de marzo. Al menos 30 personas murieron y 70 resultaron heridas. El grupo Estado Isl\u00e1mico reivindic\u00f3 esa operaci\u00f3n cometida por un kamikaze.<\/p>\n<h6> 2018-04-22 09:27:27 <\/h6>\n<p><!--\n<link rel=\"stylesheet\" href=\"css\/bootstrap.min.css\">\n\n\n<ul class=\"pagination\">\n\t    \n\t\n\n<li >\n\t<a href='?page_no=10497'>Previous<\/a>\n\t<\/li>\n\n\n       \n    \n\n<li><a href='?page_no=1'>1<\/a><\/li>\n\n\n\n<li><a href='?page_no=2'>2<\/a><\/li>\n\n\n\n<li><a>...<\/a><\/li>\n\n\n\n<li><a href='?page_no=10496'>10496<\/a><\/li>\n\n\n\n<li><a href='?page_no=10497'>10497<\/a><\/li>\n\n\n\n<li class='active'><a>10498<\/a><\/li>\n\n\n\n<li><a href='?page_no=10499'>10499<\/a><\/li>\n\n\n\n<li><a href='?page_no=10500'>10500<\/a><\/li>\n\n\n\n<li><a>...<\/a><\/li>\n\n\n\n<li><a href='?page_no=51012'>51012<\/a><\/li>\n\n\n\n<li><a href='?page_no=51013'>51013<\/a><\/li>\n\n    \n\t\n\n<li >\n\t<a href='?page_no=10499'>Next<\/a>\n\t<\/li>\n\n\n    \n\n<li><a href='?page_no=51013'>Last &rsaquo;&rsaquo;<\/a><\/li>\n\n<\/ul>\n\n\n--><br \/>\n<\/body><\/p>\n","protected":false},"excerpt":{"rendered":"<p>AFP \/ Wakil Kohsar Afganos lloran por sus seres queridos v\u00edctimas del atentado suicida que dej\u00f3 31 muertos este 22 de abril de 2018 en Kabul Al menos 31 civiles murieron y 54 resultaron heridos este domingo en un atentado suicida en Kabul contra un centro de empadronamiento electoral para las legislativas de octubre, seg\u00fan [&hellip;]<\/p>\n","protected":false},"author":3,"featured_media":0,"comment_status":"open","ping_status":"open","sticky":false,"template":"","format":"standard","meta":{"footnotes":""},"categories":[23],"tags":[],"class_list":["post-230824","post","type-post","status-publish","format-standard","hentry","category-internacional"],"_links":{"self":[{"href":"https:\/\/diariodominicano.com\/index.php?rest_route=\/wp\/v2\/posts\/230824","targetHints":{"allow":["GET"]}}],"collection":[{"href":"https:\/\/diariodominicano.com\/index.php?rest_route=\/wp\/v2\/posts"}],"about":[{"href":"https:\/\/diariodominicano.com\/index.php?rest_route=\/wp\/v2\/types\/post"}],"author":[{"embeddable":true,"href":"https:\/\/diariodominicano.com\/index.php?rest_route=\/wp\/v2\/users\/3"}],"replies":[{"embeddable":true,"href":"https:\/\/diariodominicano.com\/index.php?rest_route=%2Fwp%2Fv2%2Fcomments&post=230824"}],"version-history":[{"count":0,"href":"https:\/\/diariodominicano.com\/index.php?rest_route=\/wp\/v2\/posts\/230824\/revisions"}],"wp:attachment":[{"href":"https:\/\/diariodominicano.com\/index.php?rest_route=%2Fwp%2Fv2%2Fmedia&parent=230824"}],"wp:term":[{"taxonomy":"category","embeddable":true,"href":"https:\/\/diariodominicano.com\/index.php?rest_route=%2Fwp%2Fv2%2Fcategories&post=230824"},{"taxonomy":"post_tag","embeddable":true,"href":"https:\/\/diariodominicano.com\/index.php?rest_route=%2Fwp%2Fv2%2Ftags&post=230824"}],"curies":[{"name":"wp","href":"https:\/\/api.w.org\/{rel}","templated":true}]}}