{"id":230823,"date":"2018-04-22T09:39:38","date_gmt":"2018-04-22T09:39:38","guid":{"rendered":"http:\/\/diariodominicano.ddns.net\/?p=230823"},"modified":"2018-04-22T09:39:38","modified_gmt":"2018-04-22T09:39:38","slug":"israel-niega-estar-implicada-en-el-asesinato-de-un-miembro-de-hamas-en-malasia","status":"publish","type":"post","link":"https:\/\/diariodominicano.com\/?p=230823","title":{"rendered":"Israel niega estar implicada en el asesinato de un miembro de Hamas en Malasia"},"content":{"rendered":"<p><body><\/p>\n<p><img decoding=\"async\" src=\"img3\/878291d88526b18788653e6ed4b55526c2538d5f.jpg\" \/>  <\/p>\n<p>AFP \/ Mohd Rasfan<\/p>\n<p>Marcas de las balasd con las que fue tiroteado el cient\u00edfico palestino Fadi el Batch en Kuala Lumpur, el 22 de abril de 2018, al d\u00eda siguiente de su muerte<\/p>\n<p>El ministro de Defensa israel\u00ed, Avigdor Lieberman, afirm\u00f3 este domingo que Israel no estaba detr\u00e1s del asesinato de un cient\u00edfico palestino y miembro de Hamas en Malasia, insinuando que fue un \u00abajuste de cuentas\u00bb entre activistas palestinos.<\/p>\n<\/p>\n<p>Los forenses empezaron el domingo en Malasia la autopsia del cad\u00e1ver de este palestino miembro del movimiento islamista Hamas, enemigo jurado de Israel, asesinado el d\u00eda anterior en las afueras de Kuala Lumpur.<\/p>\n<\/p>\n<p>La familia de la v\u00edctima acus\u00f3 del crimen al Mossad, los servicios secretos israel\u00edes.<\/p>\n<\/p>\n<p>\u00abHay una tradici\u00f3n en las organizaciones terroristas de acusar a Israel cada vez que hay un ajuste de cuentas\u00bb, declar\u00f3 Lieberman el domingo en la radio p\u00fablica israel\u00ed.<\/p>\n<\/p>\n<p>\u00abEl hombre no era un santo y los ajustes de cuentas entre grupos terroristas y las diferentes facciones son habituales\u00bb, expres\u00f3. \u00abImagino que ese fue el caso aqu\u00ed tambi\u00e9n\u00bb, a\u00f1adi\u00f3.<\/p>\n<\/p>\n<p>Fadi el Batch, de 35 a\u00f1os, fue asesinado por disparos por dos hombres armados en moto y probablemente vinculados a servicios de inteligencia extranjera, seg\u00fan las autoridades malasias.<\/p>\n<\/p>\n<p>Recibi\u00f3 los disparos cuando sal\u00eda de su domicilio para ir a una mezquita.<\/p>\n<\/p>\n<p>Batch era \u00abun ingeniero el\u00e9ctrico y un experto en la fabricaci\u00f3n de cohetes\u00bb, afirm\u00f3 el s\u00e1bado el ministro del Interior malasio, Ahmad Zahid Hamidi, citado por la agencia de prensa oficial Bernama.<\/p>\n<\/p>\n<p>\u00abProbablemente se hab\u00eda convertido en un elemento molesto para un pa\u00eds hostil a Palestina\u00bb, a\u00f1adi\u00f3, precisando que el profesor deb\u00eda estar el s\u00e1bado en Turqu\u00eda para participar en una conferencia internacional.<\/p>\n<\/p>\n<p>El movimiento islamista Hamas, que controla la Franja de Gaza, confirm\u00f3 que el investigador en el campo de la energ\u00eda era uno de sus miembros. No ha se\u00f1alado responsables, a pesar de que generalmente acusa inmediatamente a Israel de tales asesinatos.<\/p>\n<\/p>\n<p>jsm-mba-jjm-dms\/iw\/gh.zm<\/p>\n<h6> 2018-04-22 09:39:38 <\/h6>\n<p><!--\n<link rel=\"stylesheet\" href=\"css\/bootstrap.min.css\">\n\n\n<ul class=\"pagination\">\n\t    \n\t\n\n<li >\n\t<a href='?page_no=10496'>Previous<\/a>\n\t<\/li>\n\n\n       \n    \n\n<li><a href='?page_no=1'>1<\/a><\/li>\n\n\n\n<li><a href='?page_no=2'>2<\/a><\/li>\n\n\n\n<li><a>...<\/a><\/li>\n\n\n\n<li><a href='?page_no=10495'>10495<\/a><\/li>\n\n\n\n<li><a href='?page_no=10496'>10496<\/a><\/li>\n\n\n\n<li class='active'><a>10497<\/a><\/li>\n\n\n\n<li><a href='?page_no=10498'>10498<\/a><\/li>\n\n\n\n<li><a href='?page_no=10499'>10499<\/a><\/li>\n\n\n\n<li><a>...<\/a><\/li>\n\n\n\n<li><a href='?page_no=51012'>51012<\/a><\/li>\n\n\n\n<li><a href='?page_no=51013'>51013<\/a><\/li>\n\n    \n\t\n\n<li >\n\t<a href='?page_no=10498'>Next<\/a>\n\t<\/li>\n\n\n    \n\n<li><a href='?page_no=51013'>Last &rsaquo;&rsaquo;<\/a><\/li>\n\n<\/ul>\n\n\n--><br \/>\n<\/body><\/p>\n","protected":false},"excerpt":{"rendered":"<p>AFP \/ Mohd Rasfan Marcas de las balasd con las que fue tiroteado el cient\u00edfico palestino Fadi el Batch en Kuala Lumpur, el 22 de abril de 2018, al d\u00eda siguiente de su muerte El ministro de Defensa israel\u00ed, Avigdor Lieberman, afirm\u00f3 este domingo que Israel no estaba detr\u00e1s del asesinato de un cient\u00edfico palestino [&hellip;]<\/p>\n","protected":false},"author":3,"featured_media":0,"comment_status":"open","ping_status":"open","sticky":false,"template":"","format":"standard","meta":{"footnotes":""},"categories":[23],"tags":[],"class_list":["post-230823","post","type-post","status-publish","format-standard","hentry","category-internacional"],"_links":{"self":[{"href":"https:\/\/diariodominicano.com\/index.php?rest_route=\/wp\/v2\/posts\/230823","targetHints":{"allow":["GET"]}}],"collection":[{"href":"https:\/\/diariodominicano.com\/index.php?rest_route=\/wp\/v2\/posts"}],"about":[{"href":"https:\/\/diariodominicano.com\/index.php?rest_route=\/wp\/v2\/types\/post"}],"author":[{"embeddable":true,"href":"https:\/\/diariodominicano.com\/index.php?rest_route=\/wp\/v2\/users\/3"}],"replies":[{"embeddable":true,"href":"https:\/\/diariodominicano.com\/index.php?rest_route=%2Fwp%2Fv2%2Fcomments&post=230823"}],"version-history":[{"count":0,"href":"https:\/\/diariodominicano.com\/index.php?rest_route=\/wp\/v2\/posts\/230823\/revisions"}],"wp:attachment":[{"href":"https:\/\/diariodominicano.com\/index.php?rest_route=%2Fwp%2Fv2%2Fmedia&parent=230823"}],"wp:term":[{"taxonomy":"category","embeddable":true,"href":"https:\/\/diariodominicano.com\/index.php?rest_route=%2Fwp%2Fv2%2Fcategories&post=230823"},{"taxonomy":"post_tag","embeddable":true,"href":"https:\/\/diariodominicano.com\/index.php?rest_route=%2Fwp%2Fv2%2Ftags&post=230823"}],"curies":[{"name":"wp","href":"https:\/\/api.w.org\/{rel}","templated":true}]}}