{"id":230820,"date":"2018-04-22T10:26:52","date_gmt":"2018-04-22T10:26:52","guid":{"rendered":"http:\/\/diariodominicano.ddns.net\/?p=230820"},"modified":"2018-04-22T10:26:52","modified_gmt":"2018-04-22T10:26:52","slug":"bolivia-celebra-hoy-el-dia-de-la-tierra","status":"publish","type":"post","link":"https:\/\/diariodominicano.com\/?p=230820","title":{"rendered":"Bolivia celebra hoy el d\u00eda de la tierra"},"content":{"rendered":"<p><body><\/p>\n<p><img decoding=\"async\" src=\"img3\/ceremonia-madre-tierra.jpg\" \/>  <\/p>\n<p> La Paz, 22 abr (PL) El d\u00eda de la Madre Tierra se celebra hoy en Bolivia con diversas actividades encaminadas a crear una conciencia com\u00fan sobre temas como sobrepoblaci\u00f3n, contaminaci\u00f3n y conservaci\u00f3n de la biodiversidad.<\/p>\n<\/p>\n<p>Esta conmemoraci\u00f3n se presenta como una oportunidad para que todos los habitantes reconozcan al planeta en condici\u00f3n de su hogar y representa la uni\u00f3n de todas las naciones con el fin de proteger y cuidar el espacio en que todos los seres vivos habitan.<\/p>\n<\/p>\n<p>Originalmente nombrado D\u00eda de la Tierra, fue instituido gracias a los esfuerzos del senador y activista ambiental estadounidense Gaylord Nelson en 1970, es de car\u00e1cter internacional y actualmente se celebra el 22 de abril de cada a\u00f1o.<\/p>\n<\/p>\n<p>A propuesta del presidente Evo Morales ante la Asamblea de las Naciones Unidas se agreg\u00f3 la denominaci\u00f3n de Madre al D\u00eda de la Tierra para que de esta manera las personas se identifiquen con el planeta y la importancia de su cuidado.<\/p>\n<\/p>\n<p>La lucha de los movimientos sociales en el pa\u00eds, ha permitido la recuperaci\u00f3n de los recursos naturales y el acceso al agua como recurso humano vital.<\/p>\n<\/p>\n<p>El presidente de la naci\u00f3n andino amaz\u00f3nica ha reiterado en diversos foros, nacionales e internacionales, la importancia de cuidar las tierras para garantizar la producci\u00f3n de alimentos.<\/p>\n<\/p>\n<p>En el D\u00eda de la Madre Tierra llamamos a los pa\u00edses a frenar el calentamiento global, expres\u00f3 hoy el mandatario en un tuit.<\/p>\n<\/p>\n<p>El agotamiento de los pozos de agua potable y la necesidad de construir represas para garantizar la preservaci\u00f3n del preciado l\u00edquido son temas defendidos por el jefe de estado boliviano en muchos foros internacionales.<\/p>\n<\/p>\n<p>Bolivia realiza acciones encaminadas al lograr un mayor aprovechamiento de este vital recurso como son la entrega de sistemas de agua potable en varios departamentos del pa\u00eds y la construcci\u00f3n de sistemas de riego m\u00e1s eficientes para racionalizar el uso del preciado l\u00edquido.<\/p>\n<\/p>\n<p>mem\/ehl\/gdc<\/p>\n<h6> 2018-04-22 10:26:52 <\/h6>\n<p><!--\n<link rel=\"stylesheet\" href=\"css\/bootstrap.min.css\">\n\n\n<ul class=\"pagination\">\n\t    \n\t\n\n<li >\n\t<a href='?page_no=10493'>Previous<\/a>\n\t<\/li>\n\n\n       \n    \n\n<li><a href='?page_no=1'>1<\/a><\/li>\n\n\n\n<li><a href='?page_no=2'>2<\/a><\/li>\n\n\n\n<li><a>...<\/a><\/li>\n\n\n\n<li><a href='?page_no=10492'>10492<\/a><\/li>\n\n\n\n<li><a href='?page_no=10493'>10493<\/a><\/li>\n\n\n\n<li class='active'><a>10494<\/a><\/li>\n\n\n\n<li><a href='?page_no=10495'>10495<\/a><\/li>\n\n\n\n<li><a href='?page_no=10496'>10496<\/a><\/li>\n\n\n\n<li><a>...<\/a><\/li>\n\n\n\n<li><a href='?page_no=51012'>51012<\/a><\/li>\n\n\n\n<li><a href='?page_no=51013'>51013<\/a><\/li>\n\n    \n\t\n\n<li >\n\t<a href='?page_no=10495'>Next<\/a>\n\t<\/li>\n\n\n    \n\n<li><a href='?page_no=51013'>Last &rsaquo;&rsaquo;<\/a><\/li>\n\n<\/ul>\n\n\n--><br \/>\n<\/body><\/p>\n","protected":false},"excerpt":{"rendered":"<p>La Paz, 22 abr (PL) El d\u00eda de la Madre Tierra se celebra hoy en Bolivia con diversas actividades encaminadas a crear una conciencia com\u00fan sobre temas como sobrepoblaci\u00f3n, contaminaci\u00f3n y conservaci\u00f3n de la biodiversidad. Esta conmemoraci\u00f3n se presenta como una oportunidad para que todos los habitantes reconozcan al planeta en condici\u00f3n de su hogar [&hellip;]<\/p>\n","protected":false},"author":3,"featured_media":0,"comment_status":"open","ping_status":"open","sticky":false,"template":"","format":"standard","meta":{"footnotes":""},"categories":[23],"tags":[],"class_list":["post-230820","post","type-post","status-publish","format-standard","hentry","category-internacional"],"_links":{"self":[{"href":"https:\/\/diariodominicano.com\/index.php?rest_route=\/wp\/v2\/posts\/230820","targetHints":{"allow":["GET"]}}],"collection":[{"href":"https:\/\/diariodominicano.com\/index.php?rest_route=\/wp\/v2\/posts"}],"about":[{"href":"https:\/\/diariodominicano.com\/index.php?rest_route=\/wp\/v2\/types\/post"}],"author":[{"embeddable":true,"href":"https:\/\/diariodominicano.com\/index.php?rest_route=\/wp\/v2\/users\/3"}],"replies":[{"embeddable":true,"href":"https:\/\/diariodominicano.com\/index.php?rest_route=%2Fwp%2Fv2%2Fcomments&post=230820"}],"version-history":[{"count":0,"href":"https:\/\/diariodominicano.com\/index.php?rest_route=\/wp\/v2\/posts\/230820\/revisions"}],"wp:attachment":[{"href":"https:\/\/diariodominicano.com\/index.php?rest_route=%2Fwp%2Fv2%2Fmedia&parent=230820"}],"wp:term":[{"taxonomy":"category","embeddable":true,"href":"https:\/\/diariodominicano.com\/index.php?rest_route=%2Fwp%2Fv2%2Fcategories&post=230820"},{"taxonomy":"post_tag","embeddable":true,"href":"https:\/\/diariodominicano.com\/index.php?rest_route=%2Fwp%2Fv2%2Ftags&post=230820"}],"curies":[{"name":"wp","href":"https:\/\/api.w.org\/{rel}","templated":true}]}}