{"id":230819,"date":"2018-04-22T10:33:47","date_gmt":"2018-04-22T10:33:47","guid":{"rendered":"http:\/\/diariodominicano.ddns.net\/?p=230819"},"modified":"2018-04-22T10:33:47","modified_gmt":"2018-04-22T10:33:47","slug":"ataque-suicida-deja-al-menos-48-muertos-en-capital-de-afganistan","status":"publish","type":"post","link":"https:\/\/diariodominicano.com\/?p=230819","title":{"rendered":"Ataque suicida deja al menos 48 muertos en capital de Afganist\u00e1n"},"content":{"rendered":"<p><body><\/p>\n<p><img decoding=\"async\" src=\"img3\/8d5703679369a1f212d39edcd479300a9804c0d6.jpg\" \/>  <\/p>\n<p><strong>Kabul, 22 abr (PL) <\/strong>Al menos 48 personas murieron hoy en un ataque suicida en un centro de registro de electores en esta capital, y 112 resultaron heridas, en la interminable espiral de violencia que vive Afganist\u00e1n.<\/p>\n<\/p>\n<p>Seg\u00fan el jefe de la polic\u00eda de Kabul, Daud Amin, el ataque perpetrado a las 10:00, hora local, estaba dirigido a civiles que recibir\u00edan sus credenciales de identificaci\u00f3n nacional, refiere TOLO News.<\/p>\n<\/p>\n<p>El portavoz del ministerio de salud p\u00fablica, Wahid Majroh, dijo que los heridos fueron llevados a varios hospitales de Kabul.<\/p>\n<\/p>\n<p>Este fue el cuarto ataque confirmado en el proceso electoral desde que comenz\u00f3 el registro de votantes el s\u00e1bado pasado.<\/p>\n<\/p>\n<p>Luego, dos horas m\u00e1s tarde, al menos cinco personas murieron y otras seis resultaron heridas en la ciudad de Pul-e-Khumri en la provincia de Baghlan luego de la explosi\u00f3n de un artefacto, tambi\u00e9n en un centro de registro de electores.<\/p>\n<\/p>\n<p>Tanto los talibanes como el Estado Isl\u00e1mico se oponen a las elecciones parlamentarias de octubre, para las cuales fueron acondicionados cuatro centros de registro de votantes en todo el pa\u00eds.<\/p>\n<\/p>\n<p>El pasado viernes, hombres armados desconocidos atacaron un centro de registro de votantes en Qala-e-Naw, el centro de la provincia de Badghis, donde un oficial de polic\u00eda asignado para mantener la seguridad fue asesinado.<\/p>\n<\/p>\n<p>Tambi\u00e9n, el jueves 19, desconocidos armados atacaron a dos miembros de la fuerza policial en la ciudad de Jalalabad que custodiaban un centro de registro de votantes. Los dos murieron en el tiroteo.<\/p>\n<\/p>\n<p>El martes 17, hombres armados desconocidos atacaron un centro de registro de votantes en la provincia de Ghor y secuestraron a tres empleados de IEC y dos polic\u00edas.<\/p>\n<\/p>\n<p>mem\/otf<\/p>\n<h6> 2018-04-22 10:33:47 <\/h6>\n<p><!--\n<link rel=\"stylesheet\" href=\"css\/bootstrap.min.css\">\n\n\n<ul class=\"pagination\">\n\t    \n\t\n\n<li >\n\t<a href='?page_no=10492'>Previous<\/a>\n\t<\/li>\n\n\n       \n    \n\n<li><a href='?page_no=1'>1<\/a><\/li>\n\n\n\n<li><a href='?page_no=2'>2<\/a><\/li>\n\n\n\n<li><a>...<\/a><\/li>\n\n\n\n<li><a href='?page_no=10491'>10491<\/a><\/li>\n\n\n\n<li><a href='?page_no=10492'>10492<\/a><\/li>\n\n\n\n<li class='active'><a>10493<\/a><\/li>\n\n\n\n<li><a href='?page_no=10494'>10494<\/a><\/li>\n\n\n\n<li><a href='?page_no=10495'>10495<\/a><\/li>\n\n\n\n<li><a>...<\/a><\/li>\n\n\n\n<li><a href='?page_no=51012'>51012<\/a><\/li>\n\n\n\n<li><a href='?page_no=51013'>51013<\/a><\/li>\n\n    \n\t\n\n<li >\n\t<a href='?page_no=10494'>Next<\/a>\n\t<\/li>\n\n\n    \n\n<li><a href='?page_no=51013'>Last &rsaquo;&rsaquo;<\/a><\/li>\n\n<\/ul>\n\n\n--><br \/>\n<\/body><\/p>\n","protected":false},"excerpt":{"rendered":"<p>Kabul, 22 abr (PL) Al menos 48 personas murieron hoy en un ataque suicida en un centro de registro de electores en esta capital, y 112 resultaron heridas, en la interminable espiral de violencia que vive Afganist\u00e1n. Seg\u00fan el jefe de la polic\u00eda de Kabul, Daud Amin, el ataque perpetrado a las 10:00, hora local, [&hellip;]<\/p>\n","protected":false},"author":3,"featured_media":0,"comment_status":"open","ping_status":"open","sticky":false,"template":"","format":"standard","meta":{"footnotes":""},"categories":[23],"tags":[],"class_list":["post-230819","post","type-post","status-publish","format-standard","hentry","category-internacional"],"_links":{"self":[{"href":"https:\/\/diariodominicano.com\/index.php?rest_route=\/wp\/v2\/posts\/230819","targetHints":{"allow":["GET"]}}],"collection":[{"href":"https:\/\/diariodominicano.com\/index.php?rest_route=\/wp\/v2\/posts"}],"about":[{"href":"https:\/\/diariodominicano.com\/index.php?rest_route=\/wp\/v2\/types\/post"}],"author":[{"embeddable":true,"href":"https:\/\/diariodominicano.com\/index.php?rest_route=\/wp\/v2\/users\/3"}],"replies":[{"embeddable":true,"href":"https:\/\/diariodominicano.com\/index.php?rest_route=%2Fwp%2Fv2%2Fcomments&post=230819"}],"version-history":[{"count":0,"href":"https:\/\/diariodominicano.com\/index.php?rest_route=\/wp\/v2\/posts\/230819\/revisions"}],"wp:attachment":[{"href":"https:\/\/diariodominicano.com\/index.php?rest_route=%2Fwp%2Fv2%2Fmedia&parent=230819"}],"wp:term":[{"taxonomy":"category","embeddable":true,"href":"https:\/\/diariodominicano.com\/index.php?rest_route=%2Fwp%2Fv2%2Fcategories&post=230819"},{"taxonomy":"post_tag","embeddable":true,"href":"https:\/\/diariodominicano.com\/index.php?rest_route=%2Fwp%2Fv2%2Ftags&post=230819"}],"curies":[{"name":"wp","href":"https:\/\/api.w.org\/{rel}","templated":true}]}}