{"id":230817,"date":"2018-04-22T13:46:43","date_gmt":"2018-04-22T13:46:43","guid":{"rendered":"http:\/\/diariodominicano.ddns.net\/?p=230817"},"modified":"2018-04-22T13:46:43","modified_gmt":"2018-04-22T13:46:43","slug":"cifra-de-muertos-asciende-a-52-y-de-heridos-a-112-por-atentado-suicida-en-capital-afgana","status":"publish","type":"post","link":"https:\/\/diariodominicano.com\/?p=230817","title":{"rendered":"Cifra de muertos asciende a 52 y de heridos a 112 por atentado suicida en capital afgana"},"content":{"rendered":"<p><body><\/p>\n<p><img decoding=\"async\" src=\"img3\/afganitanexplota22.jpg\" \/><br \/><img decoding=\"async\" src=\"img3\/aganitan22.jpg\" \/>  <\/p>\n<p><span class=\"text1noticias\">     KABUL, 22 abr (Xinhua) &#8212; La cifra de muertos a causa de un atentado suicida ocurrido hoy en la capital de Afganist\u00e1n, Kabul, aument\u00f3 a 52 y la de heridos a 112, dijo un portavoz del Ministerio de Salud P\u00fablica.<\/span><\/p>\n<p><span class=\"text1noticias\"> <\/span><\/p>\n<p><span class=\"text1noticias\">     La explosi\u00f3n tuvo lugar esta ma\u00f1ana cuando el atacante se hizo estallar entre una multitud formada para acceder a un sitio de registro relacionado con las elecciones en una escuela local, dijo el portavoz Waheed Majroh en un tuit.<\/span><\/p>\n<p><span class=\"text1noticias\"> <\/span><\/p>\n<p><span class=\"text1noticias\">     Los muertos incluyen a 21 mujeres y a cinco ni\u00f1os; el estado de varios de los heridos es cr\u00edtico.<\/span><\/p>\n<p><span class=\"text1noticias\"> <\/span><\/p>\n<p><span class=\"text1noticias\">     El presidente afgano, Ashraf Ghani, el jefe del ejecutivo, Abdullah Abdullah, y la misi\u00f3n de la Organizaci\u00f3n de las Naciones Unidas (ONU) condenaron el ataque, que fue reivindicado por el grupo terrorista Estado Isl\u00e1mico (EI).<\/span><\/p>\n<p><span class=\"text1noticias\"> <\/span><\/p>\n<p><span class=\"text1noticias\">     Las autoridades electorales afganas establecieron al 20 de octubre como la fecha para las elecciones parlamentarias y de consejos distritales, que han sido retrasadas un par de veces en los tres a\u00f1os pasados.<\/span><\/p>\n<p><span class=\"text1noticias\"> <\/span><\/p>\n<p><span class=\"text1noticias\">    El proceso de registro de electores para las elecciones empez\u00f3 el 14 de abril.<\/span><\/p>\n<p><span class=\"text1noticias\"> <\/span><\/p>\n<p><span class=\"text1noticias\">     Los electores emitir\u00e1n sus votos para elegir a los miembros de la c\u00e1mara baja de 249 esca\u00f1os del Parlamento para un periodo de cinco a\u00f1os, y tambi\u00e9n elegir\u00e1n a los miembros de los consejos distrit<\/span>ales. <\/p>\n<h6> 2018-04-22 13:46:43 <\/h6>\n<p><!--\n<link rel=\"stylesheet\" href=\"css\/bootstrap.min.css\">\n\n\n<ul class=\"pagination\">\n\t    \n\t\n\n<li >\n\t<a href='?page_no=10490'>Previous<\/a>\n\t<\/li>\n\n\n       \n    \n\n<li><a href='?page_no=1'>1<\/a><\/li>\n\n\n\n<li><a href='?page_no=2'>2<\/a><\/li>\n\n\n\n<li><a>...<\/a><\/li>\n\n\n\n<li><a href='?page_no=10489'>10489<\/a><\/li>\n\n\n\n<li><a href='?page_no=10490'>10490<\/a><\/li>\n\n\n\n<li class='active'><a>10491<\/a><\/li>\n\n\n\n<li><a href='?page_no=10492'>10492<\/a><\/li>\n\n\n\n<li><a href='?page_no=10493'>10493<\/a><\/li>\n\n\n\n<li><a>...<\/a><\/li>\n\n\n\n<li><a href='?page_no=51012'>51012<\/a><\/li>\n\n\n\n<li><a href='?page_no=51013'>51013<\/a><\/li>\n\n    \n\t\n\n<li >\n\t<a href='?page_no=10492'>Next<\/a>\n\t<\/li>\n\n\n    \n\n<li><a href='?page_no=51013'>Last &rsaquo;&rsaquo;<\/a><\/li>\n\n<\/ul>\n\n\n--><br \/>\n<\/body><\/p>\n","protected":false},"excerpt":{"rendered":"<p>KABUL, 22 abr (Xinhua) &#8212; La cifra de muertos a causa de un atentado suicida ocurrido hoy en la capital de Afganist\u00e1n, Kabul, aument\u00f3 a 52 y la de heridos a 112, dijo un portavoz del Ministerio de Salud P\u00fablica. La explosi\u00f3n tuvo lugar esta ma\u00f1ana cuando el atacante se hizo estallar entre una multitud [&hellip;]<\/p>\n","protected":false},"author":3,"featured_media":0,"comment_status":"open","ping_status":"open","sticky":false,"template":"","format":"standard","meta":{"footnotes":""},"categories":[23],"tags":[],"class_list":["post-230817","post","type-post","status-publish","format-standard","hentry","category-internacional"],"_links":{"self":[{"href":"https:\/\/diariodominicano.com\/index.php?rest_route=\/wp\/v2\/posts\/230817","targetHints":{"allow":["GET"]}}],"collection":[{"href":"https:\/\/diariodominicano.com\/index.php?rest_route=\/wp\/v2\/posts"}],"about":[{"href":"https:\/\/diariodominicano.com\/index.php?rest_route=\/wp\/v2\/types\/post"}],"author":[{"embeddable":true,"href":"https:\/\/diariodominicano.com\/index.php?rest_route=\/wp\/v2\/users\/3"}],"replies":[{"embeddable":true,"href":"https:\/\/diariodominicano.com\/index.php?rest_route=%2Fwp%2Fv2%2Fcomments&post=230817"}],"version-history":[{"count":0,"href":"https:\/\/diariodominicano.com\/index.php?rest_route=\/wp\/v2\/posts\/230817\/revisions"}],"wp:attachment":[{"href":"https:\/\/diariodominicano.com\/index.php?rest_route=%2Fwp%2Fv2%2Fmedia&parent=230817"}],"wp:term":[{"taxonomy":"category","embeddable":true,"href":"https:\/\/diariodominicano.com\/index.php?rest_route=%2Fwp%2Fv2%2Fcategories&post=230817"},{"taxonomy":"post_tag","embeddable":true,"href":"https:\/\/diariodominicano.com\/index.php?rest_route=%2Fwp%2Fv2%2Ftags&post=230817"}],"curies":[{"name":"wp","href":"https:\/\/api.w.org\/{rel}","templated":true}]}}