{"id":230816,"date":"2018-04-22T13:53:58","date_gmt":"2018-04-22T13:53:58","guid":{"rendered":"http:\/\/diariodominicano.ddns.net\/?p=230816"},"modified":"2018-04-22T13:53:58","modified_gmt":"2018-04-22T13:53:58","slug":"iran-condena-ataque-terrorista-en-kabul-capital-de-afganistan","status":"publish","type":"post","link":"https:\/\/diariodominicano.com\/?p=230816","title":{"rendered":"Ir\u00e1n condena ataque terrorista en Kabul, capital de Afganist\u00e1n"},"content":{"rendered":"<p><body><\/p>\n<p><img decoding=\"async\" src=\"img3\/Iranqasemi222.jpg\" \/>  <\/p>\n<p><span class=\"text1noticias\">     TEHERAN, 22 abr (Xinhua) &#8212; El Ministerio de Relaciones Exteriores de Ir\u00e1n conden\u00f3 el ataque terrorista mortal ocurrido hoy en la capital de Afganist\u00e1n, Kabul, y que caus\u00f3 la muerte a por lo menos 52 personas y dej\u00f3 heridas a 112.<\/span><\/p>\n<p><span class=\"text1noticias\"> <\/span><\/p>\n<p><span class=\"text1noticias\">     El vocero de la canciller\u00eda, Bahram Qasemi, describi\u00f3 al ataque como un acto \u00abcriminal\u00bb.<\/span><\/p>\n<p><span class=\"text1noticias\"> <\/span><\/p>\n<p><span class=\"text1noticias\">     Qasemi expres\u00f3 sus condolencias a la naci\u00f3n y gobierno afganos y a las familias de las v\u00edctimas.<\/span><\/p>\n<p><span class=\"text1noticias\"> <\/span><\/p>\n<p><span class=\"text1noticias\">     Adem\u00e1s, inst\u00f3 a la comunidad internacional a tomar medidas para acabar de ra\u00edz con el terrorismo en todas sus formas.<\/span><\/p>\n<p><span class=\"text1noticias\"> <\/span><\/p>\n<p><span class=\"text1noticias\">     El atentado tuvo lugar cuando se realizaban actividades relacionadas con las pr\u00f3ximas elecciones en Kabul y sus suburbi<\/span>os. <\/p>\n<h6> 2018-04-22 13:53:58 <\/h6>\n<p><!--\n<link rel=\"stylesheet\" href=\"css\/bootstrap.min.css\">\n\n\n<ul class=\"pagination\">\n\t    \n\t\n\n<li >\n\t<a href='?page_no=10489'>Previous<\/a>\n\t<\/li>\n\n\n       \n    \n\n<li><a href='?page_no=1'>1<\/a><\/li>\n\n\n\n<li><a href='?page_no=2'>2<\/a><\/li>\n\n\n\n<li><a>...<\/a><\/li>\n\n\n\n<li><a href='?page_no=10488'>10488<\/a><\/li>\n\n\n\n<li><a href='?page_no=10489'>10489<\/a><\/li>\n\n\n\n<li class='active'><a>10490<\/a><\/li>\n\n\n\n<li><a href='?page_no=10491'>10491<\/a><\/li>\n\n\n\n<li><a href='?page_no=10492'>10492<\/a><\/li>\n\n\n\n<li><a>...<\/a><\/li>\n\n\n\n<li><a href='?page_no=51012'>51012<\/a><\/li>\n\n\n\n<li><a href='?page_no=51013'>51013<\/a><\/li>\n\n    \n\t\n\n<li >\n\t<a href='?page_no=10491'>Next<\/a>\n\t<\/li>\n\n\n    \n\n<li><a href='?page_no=51013'>Last &rsaquo;&rsaquo;<\/a><\/li>\n\n<\/ul>\n\n\n--><br \/>\n<\/body><\/p>\n","protected":false},"excerpt":{"rendered":"<p>TEHERAN, 22 abr (Xinhua) &#8212; El Ministerio de Relaciones Exteriores de Ir\u00e1n conden\u00f3 el ataque terrorista mortal ocurrido hoy en la capital de Afganist\u00e1n, Kabul, y que caus\u00f3 la muerte a por lo menos 52 personas y dej\u00f3 heridas a 112. El vocero de la canciller\u00eda, Bahram Qasemi, describi\u00f3 al ataque como un acto \u00abcriminal\u00bb. [&hellip;]<\/p>\n","protected":false},"author":3,"featured_media":0,"comment_status":"open","ping_status":"open","sticky":false,"template":"","format":"standard","meta":{"footnotes":""},"categories":[23],"tags":[],"class_list":["post-230816","post","type-post","status-publish","format-standard","hentry","category-internacional"],"_links":{"self":[{"href":"https:\/\/diariodominicano.com\/index.php?rest_route=\/wp\/v2\/posts\/230816","targetHints":{"allow":["GET"]}}],"collection":[{"href":"https:\/\/diariodominicano.com\/index.php?rest_route=\/wp\/v2\/posts"}],"about":[{"href":"https:\/\/diariodominicano.com\/index.php?rest_route=\/wp\/v2\/types\/post"}],"author":[{"embeddable":true,"href":"https:\/\/diariodominicano.com\/index.php?rest_route=\/wp\/v2\/users\/3"}],"replies":[{"embeddable":true,"href":"https:\/\/diariodominicano.com\/index.php?rest_route=%2Fwp%2Fv2%2Fcomments&post=230816"}],"version-history":[{"count":0,"href":"https:\/\/diariodominicano.com\/index.php?rest_route=\/wp\/v2\/posts\/230816\/revisions"}],"wp:attachment":[{"href":"https:\/\/diariodominicano.com\/index.php?rest_route=%2Fwp%2Fv2%2Fmedia&parent=230816"}],"wp:term":[{"taxonomy":"category","embeddable":true,"href":"https:\/\/diariodominicano.com\/index.php?rest_route=%2Fwp%2Fv2%2Fcategories&post=230816"},{"taxonomy":"post_tag","embeddable":true,"href":"https:\/\/diariodominicano.com\/index.php?rest_route=%2Fwp%2Fv2%2Ftags&post=230816"}],"curies":[{"name":"wp","href":"https:\/\/api.w.org\/{rel}","templated":true}]}}