{"id":230814,"date":"2018-04-22T14:05:18","date_gmt":"2018-04-22T14:05:18","guid":{"rendered":"http:\/\/diariodominicano.ddns.net\/?p=230814"},"modified":"2018-04-22T14:05:18","modified_gmt":"2018-04-22T14:05:18","slug":"cuba-envejece-a-ritmo-acelerado","status":"publish","type":"post","link":"https:\/\/diariodominicano.com\/?p=230814","title":{"rendered":"Cuba envejece a ritmo acelerado"},"content":{"rendered":"<p><body><\/p>\n<p><img decoding=\"async\" src=\"img3\/abueloscuba22.jpg\" \/>  <\/p>\n<p><span class=\"text1noticias\">     Por Ra\u00fal Menchaca<\/span><\/p>\n<p><span class=\"text1noticias\"> <\/span><\/p>\n<p><span class=\"text1noticias\">     LA HABANA, 22 abr (Xinhua) &#8212; Mirtha Alfaro se levanta cada d\u00eda con el amanecer, y a sus 75 a\u00f1os se mueve r\u00e1pido para llegar a tiempo a los ejercicios que cada ma\u00f1ana realiza un grupo de ancianos en un parque de La Habana.<\/span><\/p>\n<p><span class=\"text1noticias\"> <\/span><\/p>\n<p><span class=\"text1noticias\">     Casi medio centenar de personas, la m\u00e1s joven de 63 a\u00f1os, conforman este C\u00edrculo de Abuelos, una novedosa instituci\u00f3n cubana que busca darle un sentido a la vida de los ancianos mediante la realizaci\u00f3n diaria de ejercicios f\u00edsicos, la organizaci\u00f3n de excursiones y la participaci\u00f3n en actividades culturales.<\/span><\/p>\n<p><span class=\"text1noticias\"> <\/span><\/p>\n<p><span class=\"text1noticias\">     \u00abLlegu\u00e9 al C\u00edrculo deprimida y sin muchas expectativas, pero encontrarme con personas de intereses y edad iguales y con muchas ganas de vivir, hizo replantearme la vida\u00bb, dice Alfaro antes de confesar a Xinhua que \u00abahora no me concibo sin hacer mis ejercicios y compartir con estos amigos\u00bb.<\/span><\/p>\n<p><span class=\"text1noticias\"> <\/span><\/p>\n<p><span class=\"text1noticias\">     Esta mujer, que antes fue profesora en una escuela primaria, forma parte de los m\u00e1s de dos millones 240.000 personas con 60 a\u00f1os o m\u00e1s que viv\u00edan en la isla al cierre del 2017, una cifra que significa el 20 por ciento de los 11,2 millones de personas que habitan esta calurosa isla del Caribe.<\/span><\/p>\n<p><span class=\"text1noticias\"> <\/span><\/p>\n<p><span class=\"text1noticias\">     El envejecimiento de la poblaci\u00f3n cubana es acelerado, algo que ha provocado la alarma de las autoridades, empe\u00f1adas ahora a marcha forzada en hallar variantes para enfrentar ese fen\u00f3meno t\u00edpico de sociedades desarrolladas.<\/span><\/p>\n<p><span class=\"text1noticias\"> <\/span><\/p>\n<p><span class=\"text1noticias\">     En abril de 2016, el VII Congreso del Partido Comunista de Cuba aprob\u00f3 en sus textos finales \u00abgarantizar la implementaci\u00f3n gradual de la pol\u00edtica para atender los elevados niveles de envejecimiento de la poblaci\u00f3n\u00bb.<\/span><\/p>\n<p><span class=\"text1noticias\"> <\/span><\/p>\n<p><span class=\"text1noticias\">     Los dem\u00f3grafos cubanos calculan que para 2020 el porcentaje de adultos mayores en la isla ascender\u00e1 al 21,5, es decir m\u00e1s de dos millones 300.000 personas, y hacia el 2030 se alcanzar\u00e1 un \u00edndice de envejecimiento de la poblaci\u00f3n cubana de 30,3 por ciento, con m\u00e1s de tres millones 300.000 personas con 60 a\u00f1os o m\u00e1s.<\/span><\/p>\n<p><span class=\"text1noticias\"> <\/span><\/p>\n<p><span class=\"text1noticias\">     \u00abEsa din\u00e1mica demogr\u00e1fica coloca al pa\u00eds, y por supuesto a los sistemas de salud y de asistencia social, ante retos numerosos\u00bb, dijo a la prensa local el doctor Alberto Fern\u00e1ndez, jefe del departamento de Adulto Mayor, Asistencia Social y Salud Mental del Ministerio de Salud P\u00fablica (Minsap).<\/span><\/p>\n<p><span class=\"text1noticias\"> <\/span><\/p>\n<p><span class=\"text1noticias\">     Fern\u00e1ndez llam\u00f3 la atenci\u00f3n sobre la necesidad de comprender que todas las personas mayores son distintas, pues se envejece de maneras diversas, ya que mientras algunas conservan su nivel funcional para realizar las actividades de la vida diaria, otras necesitan asistencia permanente para actividades b\u00e1sicas cotidianas.<\/span><\/p>\n<p><span class=\"text1noticias\"> <\/span><\/p>\n<p><span class=\"text1noticias\">     El experto subray\u00f3 el desaf\u00edo que representan las demencias, y en particular la Enfermedad de Alzheimer, que es la primera causa de discapacidad en adultos mayores y la mayor contribuyente a la dependencia, necesidad de cuidado, sobrecarga econ\u00f3mica y estr\u00e9s psicol\u00f3gico en el cuidador.<\/span><\/p>\n<p><span class=\"text1noticias\"> <\/span><\/p>\n<p><span class=\"text1noticias\">     Se calcula que 160.000 personas en Cuba padecen de demencia, cifra que ascender\u00e1 para el 2030 hasta 300.000 personas.<\/span><\/p>\n<p><span class=\"text1noticias\"> <\/span><\/p>\n<p><span class=\"text1noticias\">     \u00abDe ellos, el 70 por ciento padece de Alzheimer\u00bb, afirm\u00f3 Fern\u00e1ndez.<\/span><\/p>\n<p><span class=\"text1noticias\"> <\/span><\/p>\n<p><span class=\"text1noticias\">     De acuerdo con el experto, despu\u00e9s de los 65 a\u00f1os, las demencias afectan al 10 por ciento de los ancianos cubanos; a los 70 a\u00f1os al 20 por ciento, a los 75 a\u00f1os al 30 por ciento y despu\u00e9s de los 90 a\u00f1os ese porcentaje supera el 50 por ciento.<\/span><\/p>\n<p><span class=\"text1noticias\"> <\/span><\/p>\n<p><span class=\"text1noticias\">     La Encuesta Nacional de Envejecimiento Poblacional, la m\u00e1s reciente y realizada en 2010, report\u00f3 que los adultos mayores con dos o m\u00e1s limitaciones en las actividades b\u00e1sicas de la vida diaria necesitan de la ayuda de 1,62 personas como promedio.<\/span><\/p>\n<p><span class=\"text1noticias\"> <\/span><\/p>\n<p><span class=\"text1noticias\">     Adem\u00e1s, cada adulto mayor con dos o m\u00e1s limitaciones en las actividades instrumentadas necesita en promedio de 1,49 personas para que le ayuden.<\/span><\/p>\n<p><span class=\"text1noticias\"> <\/span><\/p>\n<p><span class=\"text1noticias\">     Ese estudio permiti\u00f3 concluir que el 2,2 por ciento de los adultos mayores pueden demandar cuidados diurnos, mientras que el 1,3 por ciento de este grupo etario requiere de cuidados permanentes.<\/span><\/p>\n<p><span class=\"text1noticias\"> <\/span><\/p>\n<p><span class=\"text1noticias\">     La isla dispone de 287 Casas de Abuelos con casi 10.000 plazas, adem\u00e1s de 3.400 capacidades de d\u00eda en los 150 Hogares de Ancianos que tienen casi 12.000 camas, capacidades que a\u00fan son insuficientes ante la creciente demanda existente de cuidados, en un contexto donde, adem\u00e1s, el 13 por ciento de los adultos mayor<\/span>es viven solos. F<\/p>\n<h6> 2018-04-22 14:05:18 <\/h6>\n<p><!--\n<link rel=\"stylesheet\" href=\"css\/bootstrap.min.css\">\n\n\n<ul class=\"pagination\">\n\t    \n\t\n\n<li >\n\t<a href='?page_no=10488'>Previous<\/a>\n\t<\/li>\n\n\n       \n    \n\n<li><a href='?page_no=1'>1<\/a><\/li>\n\n\n\n<li><a href='?page_no=2'>2<\/a><\/li>\n\n\n\n<li><a>...<\/a><\/li>\n\n\n\n<li><a href='?page_no=10487'>10487<\/a><\/li>\n\n\n\n<li><a href='?page_no=10488'>10488<\/a><\/li>\n\n\n\n<li class='active'><a>10489<\/a><\/li>\n\n\n\n<li><a href='?page_no=10490'>10490<\/a><\/li>\n\n\n\n<li><a href='?page_no=10491'>10491<\/a><\/li>\n\n\n\n<li><a>...<\/a><\/li>\n\n\n\n<li><a href='?page_no=51012'>51012<\/a><\/li>\n\n\n\n<li><a href='?page_no=51013'>51013<\/a><\/li>\n\n    \n\t\n\n<li >\n\t<a href='?page_no=10490'>Next<\/a>\n\t<\/li>\n\n\n    \n\n<li><a href='?page_no=51013'>Last &rsaquo;&rsaquo;<\/a><\/li>\n\n<\/ul>\n\n\n--><br \/>\n<\/body><\/p>\n","protected":false},"excerpt":{"rendered":"<p>Por Ra\u00fal Menchaca LA HABANA, 22 abr (Xinhua) &#8212; Mirtha Alfaro se levanta cada d\u00eda con el amanecer, y a sus 75 a\u00f1os se mueve r\u00e1pido para llegar a tiempo a los ejercicios que cada ma\u00f1ana realiza un grupo de ancianos en un parque de La Habana. Casi medio centenar de personas, la m\u00e1s joven [&hellip;]<\/p>\n","protected":false},"author":3,"featured_media":0,"comment_status":"open","ping_status":"open","sticky":false,"template":"","format":"standard","meta":{"footnotes":""},"categories":[23],"tags":[],"class_list":["post-230814","post","type-post","status-publish","format-standard","hentry","category-internacional"],"_links":{"self":[{"href":"https:\/\/diariodominicano.com\/index.php?rest_route=\/wp\/v2\/posts\/230814","targetHints":{"allow":["GET"]}}],"collection":[{"href":"https:\/\/diariodominicano.com\/index.php?rest_route=\/wp\/v2\/posts"}],"about":[{"href":"https:\/\/diariodominicano.com\/index.php?rest_route=\/wp\/v2\/types\/post"}],"author":[{"embeddable":true,"href":"https:\/\/diariodominicano.com\/index.php?rest_route=\/wp\/v2\/users\/3"}],"replies":[{"embeddable":true,"href":"https:\/\/diariodominicano.com\/index.php?rest_route=%2Fwp%2Fv2%2Fcomments&post=230814"}],"version-history":[{"count":0,"href":"https:\/\/diariodominicano.com\/index.php?rest_route=\/wp\/v2\/posts\/230814\/revisions"}],"wp:attachment":[{"href":"https:\/\/diariodominicano.com\/index.php?rest_route=%2Fwp%2Fv2%2Fmedia&parent=230814"}],"wp:term":[{"taxonomy":"category","embeddable":true,"href":"https:\/\/diariodominicano.com\/index.php?rest_route=%2Fwp%2Fv2%2Fcategories&post=230814"},{"taxonomy":"post_tag","embeddable":true,"href":"https:\/\/diariodominicano.com\/index.php?rest_route=%2Fwp%2Fv2%2Ftags&post=230814"}],"curies":[{"name":"wp","href":"https:\/\/api.w.org\/{rel}","templated":true}]}}