{"id":230813,"date":"2018-04-23T00:25:09","date_gmt":"2018-04-23T00:25:09","guid":{"rendered":"http:\/\/diariodominicano.ddns.net\/?p=230813"},"modified":"2018-04-23T00:25:09","modified_gmt":"2018-04-23T00:25:09","slug":"abdo-benitez-nuevo-presidente-paraguayo","status":"publish","type":"post","link":"https:\/\/diariodominicano.com\/?p=230813","title":{"rendered":"Abdo Ben\u00edtez, nuevo presidente paraguayo"},"content":{"rendered":"<p><body><\/p>\n<p><img decoding=\"async\" src=\"img3\/0-ELECCIONESPARAGUAY3.jpg\" \/>  <\/p>\n<p><strong> Asunci\u00f3n, 22 abr (PL) <\/strong>Tras momentos tensos por lo cerrado de la votaci\u00f3n, el candidato oficialista colorado, Mario Abdo Ben\u00edtez, gan\u00f3 hoy la presidencia de Paraguay para los pr\u00f3ximos cinco a\u00f1os.<\/p>\n<\/p>\n<p>Sin llegar al ciento por ciento de los votos escrutados, el titular del Tribunal Superior de Justicia Electoral (TSJE), Jaime Bestard, confirm\u00f3 la diferencia irreversible a favor de Abdo sobre el opositor Efra\u00edn Alegre, los dos principales aspirantes.<\/p>\n<\/p>\n<p>El presidente electo del Paraguay es Mario Abdo Ben\u00edtez de acuerdo con los resultados siempre certeros del sistema Transmisi\u00f3n de Resultados Electorales Preliminares, expres\u00f3 Bestard en conferencia de prensa.<\/p>\n<\/p>\n<p>De esa manera la Asociaci\u00f3n Nacional Republicana-Partido Colorado logr\u00f3 el objetivo de mantenerse en el poder y no cederlo como ocurri\u00f3 en 2008, cuando Fernando Lugo termin\u00f3 con m\u00e1s de 60 a\u00f1os de mandatos consecutivos.<\/p>\n<\/p>\n<p>Marito, como es llamado popularmente, suceder\u00e1 en el cargo en agosto a Horacio Cartes, de quien fue enemigo ac\u00e9rrimo desde el liderazgo de la disidencia colorada.<\/p>\n<\/p>\n<p>Pero tras ganarle la candidatura al delf\u00edn de Cartes, Santiago Pe\u00f1a, ambos formaron lo que denominaron abrazo republicano para lograr la unidad de las fuerzas del partido de una y otra fracci\u00f3n.<\/p>\n<\/p>\n<p>Por ese urgente acercamiento al mandatario, quien en la pr\u00e1ctica dirige a los oficialistas de la organizaci\u00f3n, Abdo recibi\u00f3 numerosas cr\u00edticas, a las cuales supo imponerse con discursos de uni\u00f3n incondicional.<\/p>\n<\/p>\n<p>Inclin\u00f3 a su favor al electorado colorado al centrarse en dar importancia al papel que tendr\u00e1n sus correligionarios durante su administraci\u00f3n, siempre con el respaldo de Cartes.<\/p>\n<\/p>\n<p>Habr\u00e1 que ver si cuando asuma cumple las promesas hechas durante la campa\u00f1a electoral en un plan estrat\u00e9gico de desarrollo nacional de 12 puntos.<\/p>\n<\/p>\n<p>Entre otros aspectos, en materia de seguridad plantea el control de las fronteras, fortalecimiento de la Polic\u00eda Nacional y de las Fuerzas Armadas, reorientaci\u00f3n de la Fuerza de Tarea Conjunta y el combate frontal al autodenominado Ej\u00e9rcito del Pueblo Paraguayo.<\/p>\n<\/p>\n<p>Tambi\u00e9n se refiere a la realizaci\u00f3n de una reforma del poder Judicial, lucha contra la corrupci\u00f3n, pol\u00edticas contra la impunidad y reorganizaci\u00f3n estructural y administrativo del sistema penitenciario nacional.<\/p>\n<\/p>\n<p>Ubica en lugar destacado a la educaci\u00f3n, para la cual piensa en una innovaci\u00f3n, expansi\u00f3n de la ense\u00f1anza inicial, becas y apoyos econ\u00f3micos y m\u00e1s presupuesto e infraestructura para llegar en esa rama a una inversi\u00f3n equivalente al siete por ciento del Producto Interno Bruto.<\/p>\n<\/p>\n<p>En materia sanitaria propone la promoci\u00f3n de la salud en cada comunidad, prioridad en la atenci\u00f3n primaria y disminuci\u00f3n de la mortalidad materna infantil.<\/p>\n<\/p>\n<p>Para el sector agropecuario formula el mejoramiento de la productividad y expansi\u00f3n de las plantaciones forestales, en protecci\u00f3n social habla de acceso a la vivienda propia, impulso a las peque\u00f1as y medianas empresas y desarrollo econ\u00f3mico de los pueblos originarios.<\/p>\n<\/p>\n<p>Una de sus promesas va dirigida al empresariado, con el cual se comprometi\u00f3 a bajarle los impuestos, y asevera que el capital extranjero con arraigo en el pa\u00eds ser\u00e1 muy valorado y cuidado, en tanto menciona la importancia de la mano de obra paraguaya, que debe ser fortalecida para disminuir el desempleo.<\/p>\n<\/p>\n<p>agp\/jf<\/p>\n<h6> 2018-04-23 00:25:09 <\/h6>\n<p><!--\n<link rel=\"stylesheet\" href=\"css\/bootstrap.min.css\">\n\n\n<ul class=\"pagination\">\n\t    \n\t\n\n<li >\n\t<a href='?page_no=10487'>Previous<\/a>\n\t<\/li>\n\n\n       \n    \n\n<li><a href='?page_no=1'>1<\/a><\/li>\n\n\n\n<li><a href='?page_no=2'>2<\/a><\/li>\n\n\n\n<li><a>...<\/a><\/li>\n\n\n\n<li><a href='?page_no=10486'>10486<\/a><\/li>\n\n\n\n<li><a href='?page_no=10487'>10487<\/a><\/li>\n\n\n\n<li class='active'><a>10488<\/a><\/li>\n\n\n\n<li><a href='?page_no=10489'>10489<\/a><\/li>\n\n\n\n<li><a href='?page_no=10490'>10490<\/a><\/li>\n\n\n\n<li><a>...<\/a><\/li>\n\n\n\n<li><a href='?page_no=51012'>51012<\/a><\/li>\n\n\n\n<li><a href='?page_no=51013'>51013<\/a><\/li>\n\n    \n\t\n\n<li >\n\t<a href='?page_no=10489'>Next<\/a>\n\t<\/li>\n\n\n    \n\n<li><a href='?page_no=51013'>Last &rsaquo;&rsaquo;<\/a><\/li>\n\n<\/ul>\n\n\n--><br \/>\n<\/body><\/p>\n","protected":false},"excerpt":{"rendered":"<p>Asunci\u00f3n, 22 abr (PL) Tras momentos tensos por lo cerrado de la votaci\u00f3n, el candidato oficialista colorado, Mario Abdo Ben\u00edtez, gan\u00f3 hoy la presidencia de Paraguay para los pr\u00f3ximos cinco a\u00f1os. Sin llegar al ciento por ciento de los votos escrutados, el titular del Tribunal Superior de Justicia Electoral (TSJE), Jaime Bestard, confirm\u00f3 la diferencia [&hellip;]<\/p>\n","protected":false},"author":3,"featured_media":0,"comment_status":"open","ping_status":"open","sticky":false,"template":"","format":"standard","meta":{"footnotes":""},"categories":[23],"tags":[],"class_list":["post-230813","post","type-post","status-publish","format-standard","hentry","category-internacional"],"_links":{"self":[{"href":"https:\/\/diariodominicano.com\/index.php?rest_route=\/wp\/v2\/posts\/230813","targetHints":{"allow":["GET"]}}],"collection":[{"href":"https:\/\/diariodominicano.com\/index.php?rest_route=\/wp\/v2\/posts"}],"about":[{"href":"https:\/\/diariodominicano.com\/index.php?rest_route=\/wp\/v2\/types\/post"}],"author":[{"embeddable":true,"href":"https:\/\/diariodominicano.com\/index.php?rest_route=\/wp\/v2\/users\/3"}],"replies":[{"embeddable":true,"href":"https:\/\/diariodominicano.com\/index.php?rest_route=%2Fwp%2Fv2%2Fcomments&post=230813"}],"version-history":[{"count":0,"href":"https:\/\/diariodominicano.com\/index.php?rest_route=\/wp\/v2\/posts\/230813\/revisions"}],"wp:attachment":[{"href":"https:\/\/diariodominicano.com\/index.php?rest_route=%2Fwp%2Fv2%2Fmedia&parent=230813"}],"wp:term":[{"taxonomy":"category","embeddable":true,"href":"https:\/\/diariodominicano.com\/index.php?rest_route=%2Fwp%2Fv2%2Fcategories&post=230813"},{"taxonomy":"post_tag","embeddable":true,"href":"https:\/\/diariodominicano.com\/index.php?rest_route=%2Fwp%2Fv2%2Ftags&post=230813"}],"curies":[{"name":"wp","href":"https:\/\/api.w.org\/{rel}","templated":true}]}}