{"id":230812,"date":"2018-04-23T00:30:35","date_gmt":"2018-04-23T00:30:35","guid":{"rendered":"http:\/\/diariodominicano.ddns.net\/?p=230812"},"modified":"2018-04-23T00:30:35","modified_gmt":"2018-04-23T00:30:35","slug":"ortega-anuncia-casacion-de-reforma-que-detono-violencia-en-nicaragua","status":"publish","type":"post","link":"https:\/\/diariodominicano.com\/?p=230812","title":{"rendered":"Ortega anuncia casaci\u00f3n de reforma que deton\u00f3 violencia en Nicaragua"},"content":{"rendered":"<p><body><\/p>\n<p><img decoding=\"async\" src=\"img3\/ortega-deroga.jpg\" \/>  <\/p>\n<p><strong> Managua, 22 abr (PL) <\/strong>El presidente de Nicaragua, Daniel Ortega, anunci\u00f3 hoy la revocaci\u00f3n de la reforma al seguro social, que -dijo- sirvi\u00f3 de detonante para los hechos violentos que se registran en el pa\u00eds promovidos por la derecha desde el pasado mi\u00e9rcoles.<\/p>\n<\/p>\n<p>En una comparecencia en cadena nacional, Ortega dio a conocer ante el pueblo que el Consejo Directivo del Instituto Nicarag\u00fcense de Seguridad Social (INSS), decidi\u00f3 poner a un lado la resoluci\u00f3n del 16 de abril, la cual estaba dirigida a darle sostenibilidad a la instituci\u00f3n.<\/p>\n<\/p>\n<p>Acompa\u00f1ado por la vicepresidenta Rosario Murillo y empresarios de diversos sectores, el jefe de Estado sostuvo que INSS adopt\u00f3 esa decisi\u00f3n con el fin de facilitar la discusi\u00f3n y el di\u00e1logo para restablecer la paz en el pa\u00eds.<\/p>\n<\/p>\n<p>Igualmente invit\u00f3 a la Conferencia Episcopal de Nicaragua a sumarse al di\u00e1logo y destac\u00f3 el mensaje que el papa Francisco envi\u00f3 este domingo al pueblo nicarag\u00fcense.<\/p>\n<\/p>\n<p>El sumo pont\u00edfice llam\u00f3 a evitar un derramamiento in\u00fatil de sangre en la naci\u00f3n centroamericano y pidi\u00f3 que las cuestiones pendientes sean resueltas pac\u00edficamente y con sentido de responsabilidad.<\/p>\n<\/p>\n<p>Por otra parte, Ortega indic\u00f3 que los actos de violencia registrados durante los \u00faltimos d\u00edas en el pa\u00eds son totalmente irracionales y no tienen explicaci\u00f3n.<\/p>\n<\/p>\n<p>Frente a ello insisti\u00f3 en el llamado a todos los sectores, independientemente del pensamiento pol\u00edtico, ideolog\u00eda, condiciones econ\u00f3micas y credo religioso que se ostente y profese, a luchar por el restablecimiento de la paz.<\/p>\n<\/p>\n<p>En los \u00faltimos d\u00edas, en el pa\u00eds se desat\u00f3 una campa\u00f1a de descr\u00e9dito contra las ahora anuladas reformas al seguro social, orquestada -seg\u00fan denuncias- por min\u00fasculos grupos de la derecha que pretenden obtener r\u00e9dito pol\u00edtico mediante la violencia y la desestabilizaci\u00f3n.<\/p>\n<\/p>\n<p>Ambulancias, centros hospitalarios, cl\u00ednicas, comercios, autos, instituciones gubernamentales, viviendas familiares y espacios p\u00fablicos han sido objeto de ataques, saqueos y agresiones por parte los v\u00e1ndalos azuzados por manipulaciones pol\u00edticas.<\/p>\n<\/p>\n<p>ga\/acl<\/p>\n<h6> 2018-04-23 00:30:35 <\/h6>\n<p><!--\n<link rel=\"stylesheet\" href=\"css\/bootstrap.min.css\">\n\n\n<ul class=\"pagination\">\n\t    \n\t\n\n<li >\n\t<a href='?page_no=10486'>Previous<\/a>\n\t<\/li>\n\n\n       \n    \n\n<li><a href='?page_no=1'>1<\/a><\/li>\n\n\n\n<li><a href='?page_no=2'>2<\/a><\/li>\n\n\n\n<li><a>...<\/a><\/li>\n\n\n\n<li><a href='?page_no=10485'>10485<\/a><\/li>\n\n\n\n<li><a href='?page_no=10486'>10486<\/a><\/li>\n\n\n\n<li class='active'><a>10487<\/a><\/li>\n\n\n\n<li><a href='?page_no=10488'>10488<\/a><\/li>\n\n\n\n<li><a href='?page_no=10489'>10489<\/a><\/li>\n\n\n\n<li><a>...<\/a><\/li>\n\n\n\n<li><a href='?page_no=51012'>51012<\/a><\/li>\n\n\n\n<li><a href='?page_no=51013'>51013<\/a><\/li>\n\n    \n\t\n\n<li >\n\t<a href='?page_no=10488'>Next<\/a>\n\t<\/li>\n\n\n    \n\n<li><a href='?page_no=51013'>Last &rsaquo;&rsaquo;<\/a><\/li>\n\n<\/ul>\n\n\n--><br \/>\n<\/body><\/p>\n","protected":false},"excerpt":{"rendered":"<p>Managua, 22 abr (PL) El presidente de Nicaragua, Daniel Ortega, anunci\u00f3 hoy la revocaci\u00f3n de la reforma al seguro social, que -dijo- sirvi\u00f3 de detonante para los hechos violentos que se registran en el pa\u00eds promovidos por la derecha desde el pasado mi\u00e9rcoles. En una comparecencia en cadena nacional, Ortega dio a conocer ante el [&hellip;]<\/p>\n","protected":false},"author":3,"featured_media":0,"comment_status":"open","ping_status":"open","sticky":false,"template":"","format":"standard","meta":{"footnotes":""},"categories":[23],"tags":[],"class_list":["post-230812","post","type-post","status-publish","format-standard","hentry","category-internacional"],"_links":{"self":[{"href":"https:\/\/diariodominicano.com\/index.php?rest_route=\/wp\/v2\/posts\/230812","targetHints":{"allow":["GET"]}}],"collection":[{"href":"https:\/\/diariodominicano.com\/index.php?rest_route=\/wp\/v2\/posts"}],"about":[{"href":"https:\/\/diariodominicano.com\/index.php?rest_route=\/wp\/v2\/types\/post"}],"author":[{"embeddable":true,"href":"https:\/\/diariodominicano.com\/index.php?rest_route=\/wp\/v2\/users\/3"}],"replies":[{"embeddable":true,"href":"https:\/\/diariodominicano.com\/index.php?rest_route=%2Fwp%2Fv2%2Fcomments&post=230812"}],"version-history":[{"count":0,"href":"https:\/\/diariodominicano.com\/index.php?rest_route=\/wp\/v2\/posts\/230812\/revisions"}],"wp:attachment":[{"href":"https:\/\/diariodominicano.com\/index.php?rest_route=%2Fwp%2Fv2%2Fmedia&parent=230812"}],"wp:term":[{"taxonomy":"category","embeddable":true,"href":"https:\/\/diariodominicano.com\/index.php?rest_route=%2Fwp%2Fv2%2Fcategories&post=230812"},{"taxonomy":"post_tag","embeddable":true,"href":"https:\/\/diariodominicano.com\/index.php?rest_route=%2Fwp%2Fv2%2Ftags&post=230812"}],"curies":[{"name":"wp","href":"https:\/\/api.w.org\/{rel}","templated":true}]}}