{"id":230811,"date":"2018-04-23T08:11:38","date_gmt":"2018-04-23T08:11:38","guid":{"rendered":"http:\/\/diariodominicano.ddns.net\/?p=230811"},"modified":"2018-04-23T08:11:38","modified_gmt":"2018-04-23T08:11:38","slug":"decenas-de-muertos-y-heridos-en-ataque-aereo-liderado-por-coalicion-saudi-en-yemen","status":"publish","type":"post","link":"https:\/\/diariodominicano.com\/?p=230811","title":{"rendered":"Decenas de muertos y heridos en ataque a\u00e9reo liderado por coalic\u00edon saud\u00ed en Yemen"},"content":{"rendered":"<p><body><\/p>\n<p><img decoding=\"async\" src=\"img3\/SanaYemen23.jpg\" \/>  <\/p>\n<p><span class=\"text1noticias\">     SANA, 23 abr (Xinhua) &#8212; La coalici\u00f3n liderada por Arabia Saud\u00ed realiz\u00f3 una serie de ataques a\u00e9reos en la noche del domingo en la provincia de Hajjah, en el noroccidente de Yemen, dejando varias personas muertas y heridas que participaban en una ceremonia nupcial, informaron las autoridades locales.<\/span><\/p>\n<p><span class=\"text1noticias\"> <\/span><\/p>\n<p><span class=\"text1noticias\">     La cifra de muertos y heridos que han sido recogidos en el lugar asciende a 40 personas, \u00abuna docena de los heridos en estado cr\u00edtico\u00bb, dijo a Xinhua Mohammed al-Ashwal, un funcionario del sistema de salud local sin precisar el n\u00famero exacto de muertos o heridos.<\/span><\/p>\n<p><span class=\"text1noticias\"> <\/span><\/p>\n<p><span class=\"text1noticias\">     Un oficial de seguridad indic\u00f3 por su parte que los aviones de combate bombardearon dos veces el sitio donde se realizaba la ceremonia de una boda en el poblado de Alrakah, del distrito de Bani Kays.<\/span><\/p>\n<p><span class=\"text1noticias\"> <\/span><\/p>\n<p><span class=\"text1noticias\">     Varias casas y autos alrededor del sitio de la ceremonia resultaron averiados en los ataques a\u00e9reos, agregaron los testigos.<\/span><\/p>\n<p><span class=\"text1noticias\"> <\/span><\/p>\n<p><span class=\"text1noticias\">     El ataque fue el m\u00e1s reciente entre una serie de ataque a\u00e9reos que resultaron en la muerte de civiles y los cuales fueron realizados por la coalici\u00f3n liderada por Arabia Saud\u00ed, que combate desde hace tres a\u00f1os a los rebeldes hut\u00edes en Yemen.<\/span><\/p>\n<p><span class=\"text1noticias\"> <\/span><\/p>\n<p><span class=\"text1noticias\">     Los ataques a\u00e9reos de la coalici\u00f3n golpearon este viernes dos veh\u00edculos civiles en la provincia suroccidental de Taiz, en donde murieron al menos 17 personas que regresaban a sus hogares desde un mercado popular, seg\u00fan funcionarios locales y m\u00e9dicos locales.<\/span><\/p>\n<p><span class=\"text1noticias\"> <\/span><\/p>\n<p><span class=\"text1noticias\">     La coalici\u00f3n intervino en el conflicto yemen\u00ed en marzo de 2015 para apoyar al presidente Abd-Rabbu Mansour Hadi, reconocido internacionalmente, y luchar contra los rebeldes hut\u00edes chi\u00edes.<\/span><\/p>\n<p><span class=\"text1noticias\"> <\/span><\/p>\n<p><span class=\"text1noticias\">     Los rebeldes tomaron el control de gran parte de las regiones del norte del pa\u00eds desde septiembre de 2014, incluida la capital Sana, y forzaron a Hadi y su gobierno a huir a Riad, la capital de Arabia Saud\u00ed.<\/span><\/p>\n<p><span class=\"text1noticias\"> <\/span><\/p>\n<p><span class=\"text1noticias\">     M\u00e1s de 10.000 yemen\u00edes, en su mayor\u00eda civiles, han muerto en el conflicto y tres millones de personas han sido desplazadas, desencadenando una de las peores crisis humanitarias en <\/span>el mundo<\/p>\n<h6> 2018-04-23 08:11:38 <\/h6>\n<p><!--\n<link rel=\"stylesheet\" href=\"css\/bootstrap.min.css\">\n\n\n<ul class=\"pagination\">\n\t    \n\t\n\n<li >\n\t<a href='?page_no=10485'>Previous<\/a>\n\t<\/li>\n\n\n       \n    \n\n<li><a href='?page_no=1'>1<\/a><\/li>\n\n\n\n<li><a href='?page_no=2'>2<\/a><\/li>\n\n\n\n<li><a>...<\/a><\/li>\n\n\n\n<li><a href='?page_no=10484'>10484<\/a><\/li>\n\n\n\n<li><a href='?page_no=10485'>10485<\/a><\/li>\n\n\n\n<li class='active'><a>10486<\/a><\/li>\n\n\n\n<li><a href='?page_no=10487'>10487<\/a><\/li>\n\n\n\n<li><a href='?page_no=10488'>10488<\/a><\/li>\n\n\n\n<li><a>...<\/a><\/li>\n\n\n\n<li><a href='?page_no=51012'>51012<\/a><\/li>\n\n\n\n<li><a href='?page_no=51013'>51013<\/a><\/li>\n\n    \n\t\n\n<li >\n\t<a href='?page_no=10487'>Next<\/a>\n\t<\/li>\n\n\n    \n\n<li><a href='?page_no=51013'>Last &rsaquo;&rsaquo;<\/a><\/li>\n\n<\/ul>\n\n\n--><br \/>\n<\/body><\/p>\n","protected":false},"excerpt":{"rendered":"<p>SANA, 23 abr (Xinhua) &#8212; La coalici\u00f3n liderada por Arabia Saud\u00ed realiz\u00f3 una serie de ataques a\u00e9reos en la noche del domingo en la provincia de Hajjah, en el noroccidente de Yemen, dejando varias personas muertas y heridas que participaban en una ceremonia nupcial, informaron las autoridades locales. La cifra de muertos y heridos que [&hellip;]<\/p>\n","protected":false},"author":3,"featured_media":0,"comment_status":"open","ping_status":"open","sticky":false,"template":"","format":"standard","meta":{"footnotes":""},"categories":[23],"tags":[],"class_list":["post-230811","post","type-post","status-publish","format-standard","hentry","category-internacional"],"_links":{"self":[{"href":"https:\/\/diariodominicano.com\/index.php?rest_route=\/wp\/v2\/posts\/230811","targetHints":{"allow":["GET"]}}],"collection":[{"href":"https:\/\/diariodominicano.com\/index.php?rest_route=\/wp\/v2\/posts"}],"about":[{"href":"https:\/\/diariodominicano.com\/index.php?rest_route=\/wp\/v2\/types\/post"}],"author":[{"embeddable":true,"href":"https:\/\/diariodominicano.com\/index.php?rest_route=\/wp\/v2\/users\/3"}],"replies":[{"embeddable":true,"href":"https:\/\/diariodominicano.com\/index.php?rest_route=%2Fwp%2Fv2%2Fcomments&post=230811"}],"version-history":[{"count":0,"href":"https:\/\/diariodominicano.com\/index.php?rest_route=\/wp\/v2\/posts\/230811\/revisions"}],"wp:attachment":[{"href":"https:\/\/diariodominicano.com\/index.php?rest_route=%2Fwp%2Fv2%2Fmedia&parent=230811"}],"wp:term":[{"taxonomy":"category","embeddable":true,"href":"https:\/\/diariodominicano.com\/index.php?rest_route=%2Fwp%2Fv2%2Fcategories&post=230811"},{"taxonomy":"post_tag","embeddable":true,"href":"https:\/\/diariodominicano.com\/index.php?rest_route=%2Fwp%2Fv2%2Ftags&post=230811"}],"curies":[{"name":"wp","href":"https:\/\/api.w.org\/{rel}","templated":true}]}}