{"id":230810,"date":"2018-04-23T09:06:02","date_gmt":"2018-04-23T09:06:02","guid":{"rendered":"http:\/\/diariodominicano.ddns.net\/?p=230810"},"modified":"2018-04-23T09:06:02","modified_gmt":"2018-04-23T09:06:02","slug":"llega-a-cuba-el-presidente-de-bolivia-en-visita-oficial","status":"publish","type":"post","link":"https:\/\/diariodominicano.com\/?p=230810","title":{"rendered":"Llega a Cuba el presidente de Bolivia en visita oficial"},"content":{"rendered":"<p><body><\/p>\n<p><img decoding=\"async\" src=\"img3\/Evo-Cuba.jpg\" \/>  <\/p>\n<p><span class=\"text1noticias\">     LA HABANA, 23 abr (Xinhua) &#8212; El presidente de Bolivia, Evo Morales, lleg\u00f3 casi a la medianoche del domingo a La Habana, para cumplir una visita oficial en la que tiene pactado un encuentro con el nuevo jefe de Estado de la isla, Miguel D\u00edaz-Canel.<\/span><\/p>\n<p><span class=\"text1noticias\"> <\/span><\/p>\n<p><span class=\"text1noticias\">     \u00abEstamos ac\u00e1 para compartir nuevos trabajos para seguir avanzando en la lucha revolucionaria que marcaron Fidel y Ra\u00fal (Castro)\u00bb, afirm\u00f3 a la prensa Morales al ser recibido en el aeropuerto internacional habanero por el ministro de Relaciones Exteriores cubano, Bruno Rodr\u00edguez.<\/span><\/p>\n<p><span class=\"text1noticias\"> <\/span><\/p>\n<p><span class=\"text1noticias\">     Este lunes, el jefe de Estado boliviano tiene previsto rendir homenaje al H\u00e9roe Nacional Jos\u00e9 Mart\u00ed y sostener una ronda de conversaciones con D\u00edaz-Canel, quien acaba de ser elegido como nuevo presidente de Cuba.<\/span><\/p>\n<p><span class=\"text1noticias\"> <\/span><\/p>\n<p><span class=\"text1noticias\">     Unas horas antes de la llegada de Morales, parti\u00f3 de Cuba el presidente de Venezuela, Nicol\u00e1s Maduro, luego de una breve visita oficial a la isla, en la que se convirti\u00f3 en el primer jefe de Estado que sostuvo un encuentro oficial con D\u00edaz-Canel.<\/span><\/p>\n<p><span class=\"text1noticias\"> <\/span><\/p>\n<p><span class=\"text1noticias\">     El mandatario venezolano hab\u00eda adelantado que en su visita a La Habana tra\u00eda nuevos proyectos bilaterales de cooperaci\u00f3n,   \u00abpara solidificar la alianza humana, econ\u00f3mica, energ\u00e9tica, industrial e hist\u00f3rica\u00bb entre los dos pa\u00edses.<\/span><\/p>\n<p><span class=\"text1noticias\"> <\/span><\/p>\n<p><span class=\"text1noticias\">     Cuba, Bolivia y Venezuela son aliados pol\u00edticos que forman parte de la Alianza Bolivariana para los Pueblos de Nuestra Am\u00e9rica (ALBA), un bloque integracionista fundado por los desaparecidos presidentes Hugo Ch\u00e1vez y Fidel Ca<\/span>stro.<\/p>\n<h6> 2018-04-23 09:06:02 <\/h6>\n<p><!--\n<link rel=\"stylesheet\" href=\"css\/bootstrap.min.css\">\n\n\n<ul class=\"pagination\">\n\t    \n\t\n\n<li >\n\t<a href='?page_no=10484'>Previous<\/a>\n\t<\/li>\n\n\n       \n    \n\n<li><a href='?page_no=1'>1<\/a><\/li>\n\n\n\n<li><a href='?page_no=2'>2<\/a><\/li>\n\n\n\n<li><a>...<\/a><\/li>\n\n\n\n<li><a href='?page_no=10483'>10483<\/a><\/li>\n\n\n\n<li><a href='?page_no=10484'>10484<\/a><\/li>\n\n\n\n<li class='active'><a>10485<\/a><\/li>\n\n\n\n<li><a href='?page_no=10486'>10486<\/a><\/li>\n\n\n\n<li><a href='?page_no=10487'>10487<\/a><\/li>\n\n\n\n<li><a>...<\/a><\/li>\n\n\n\n<li><a href='?page_no=51012'>51012<\/a><\/li>\n\n\n\n<li><a href='?page_no=51013'>51013<\/a><\/li>\n\n    \n\t\n\n<li >\n\t<a href='?page_no=10486'>Next<\/a>\n\t<\/li>\n\n\n    \n\n<li><a href='?page_no=51013'>Last &rsaquo;&rsaquo;<\/a><\/li>\n\n<\/ul>\n\n\n--><br \/>\n<\/body><\/p>\n","protected":false},"excerpt":{"rendered":"<p>LA HABANA, 23 abr (Xinhua) &#8212; El presidente de Bolivia, Evo Morales, lleg\u00f3 casi a la medianoche del domingo a La Habana, para cumplir una visita oficial en la que tiene pactado un encuentro con el nuevo jefe de Estado de la isla, Miguel D\u00edaz-Canel. \u00abEstamos ac\u00e1 para compartir nuevos trabajos para seguir avanzando en [&hellip;]<\/p>\n","protected":false},"author":3,"featured_media":0,"comment_status":"open","ping_status":"open","sticky":false,"template":"","format":"standard","meta":{"footnotes":""},"categories":[23],"tags":[],"class_list":["post-230810","post","type-post","status-publish","format-standard","hentry","category-internacional"],"_links":{"self":[{"href":"https:\/\/diariodominicano.com\/index.php?rest_route=\/wp\/v2\/posts\/230810","targetHints":{"allow":["GET"]}}],"collection":[{"href":"https:\/\/diariodominicano.com\/index.php?rest_route=\/wp\/v2\/posts"}],"about":[{"href":"https:\/\/diariodominicano.com\/index.php?rest_route=\/wp\/v2\/types\/post"}],"author":[{"embeddable":true,"href":"https:\/\/diariodominicano.com\/index.php?rest_route=\/wp\/v2\/users\/3"}],"replies":[{"embeddable":true,"href":"https:\/\/diariodominicano.com\/index.php?rest_route=%2Fwp%2Fv2%2Fcomments&post=230810"}],"version-history":[{"count":0,"href":"https:\/\/diariodominicano.com\/index.php?rest_route=\/wp\/v2\/posts\/230810\/revisions"}],"wp:attachment":[{"href":"https:\/\/diariodominicano.com\/index.php?rest_route=%2Fwp%2Fv2%2Fmedia&parent=230810"}],"wp:term":[{"taxonomy":"category","embeddable":true,"href":"https:\/\/diariodominicano.com\/index.php?rest_route=%2Fwp%2Fv2%2Fcategories&post=230810"},{"taxonomy":"post_tag","embeddable":true,"href":"https:\/\/diariodominicano.com\/index.php?rest_route=%2Fwp%2Fv2%2Ftags&post=230810"}],"curies":[{"name":"wp","href":"https:\/\/api.w.org\/{rel}","templated":true}]}}