{"id":230809,"date":"2018-04-23T10:37:19","date_gmt":"2018-04-23T10:37:19","guid":{"rendered":"http:\/\/diariodominicano.ddns.net\/?p=230809"},"modified":"2018-04-23T10:37:19","modified_gmt":"2018-04-23T10:37:19","slug":"trabajadores-del-metro-de-buenos-aires-vuelven-a-encabezar-protestas","status":"publish","type":"post","link":"https:\/\/diariodominicano.com\/?p=230809","title":{"rendered":"Trabajadores del metro de Buenos Aires vuelven a encabezar protestas"},"content":{"rendered":"<p><body><\/p>\n<p><img decoding=\"async\" src=\"img3\/Trabajadoresmetro23.jpg\" \/>  <\/p>\n<p><span class=\"text1noticias\">Buenos Aires, 23 abr (PL) Los trabajadores del metro de Buenos Aires volvieron hoy a encabezar una nueva protesta con el corte del servicio desde horas tempranas en una de sus l\u00edneas en demanda de mejor salario.<\/span><\/p>\n<p><span class=\"text1noticias\"> <\/span><\/p>\n<p><span class=\"text1noticias\">Tras una semana tensa e intensa con interrupci\u00f3n del servicio y la apertura de molinetes en algunas estaciones, que permiti\u00f3 viajar a los pasajeros sin abonar un centavo, los metrodelegados encabezaron este lunes la protesta en la l\u00ednea C en las primeras dos horas de servicio.<\/span><\/p>\n<p><span class=\"text1noticias\"> <\/span><\/p>\n<p><span class=\"text1noticias\">Ante la falta de voluntad del Gobierno de la Ciudad de continuar el di\u00e1logo por las paritarias sin techos (negociaciones salariales) paralizamos la l\u00ednea C, todo aumenta menos nuestro salario, public\u00f3 en un mensaje en la red social twitter la Asociaci\u00f3n Gremial de Trabajadores del Subte y Premetro (AGTSyP) .<\/span><\/p>\n<p><span class=\"text1noticias\"> <\/span><\/p>\n<p><span class=\"text1noticias\">Los trabajadores del metro, que desplazan a millones de personas cada d\u00eda, subrayan que esta ser\u00e1 otra semana de protestas como respuesta al acuerdo del sector firmada por la Uni\u00f3n Tranviarios Automotor y rechazada por los metrodelegados.<\/span><\/p>\n<p><span class=\"text1noticias\"> <\/span><\/p>\n<p><span class=\"text1noticias\">Adem\u00e1s de reclamar la reapertura de las paritarias, los manifestantes rechazan el fallo de la Corte Suprema de Justicia que les neg\u00f3 la personer\u00eda y, por lo tanto, su participaci\u00f3n en estas negociaciones salariales.<\/span><\/p>\n<p><span class=\"text1noticias\"> <\/span><\/p>\n<p><span class=\"text1noticias\">Para los trabajadores del metro, el acuerdo alcanzado entre la Subsecretar\u00eda de Trabajo de la Ciudad de Buenos Aires y la Uni\u00f3n de Tranviarios Automotor son &#8216;propuestas econ\u00f3micas insuficientes y alejadas de lo solicitado&#8217; por los empleados de este servicio.<\/span><\/p>\n<p><span class=\"text1noticias\"> <\/span><\/p>\n<p><span class=\"text1noticias\">Adelantaron que ma\u00f1ana dejar\u00edan ingresar sin pagar entre las 7:00 y las 9:00 a los pasajeros que tomen los trenes que salen de la cabecera Congreso de Tucum\u00e1n, de la l\u00ednea D, que conecta con Catedral, una de las de mayor flujo de pasajeros. Lo mismo suceder\u00e1 en otras rutas el resto de la semana.<\/span><\/p>\n<p><span class=\"text1noticias\"> <\/span><\/p>\n<p><span class=\"text1noticias\">Adem\u00e1s, le entregar\u00e1n a los usuarios folletos explicando los motivos de las medidas de fuerza y las cr\u00edticas a la empresa Metrov\u00edas, que controla este transporte.<\/span><\/p>\n<p><span class=\"text1noticias\"> <\/span><\/p>\n<p><span class=\"text1noticias\">&#8216;Lamentamos que la decisi\u00f3n de los representantes gremiales sea una vez m\u00e1s, afectar a m\u00e1s de 29 mil usuarios que utilizan la L\u00ednea C en esa franja horaria para llegar a sus lugares de trabajo o trasladarse por la ciudad&#8217;, se\u00f1al\u00f3 en un comunicado la Aso<\/span>ciaci\u00f3n.<\/p>\n<h6> 2018-04-23 10:37:19 <\/h6>\n<p><!--\n<link rel=\"stylesheet\" href=\"css\/bootstrap.min.css\">\n\n\n<ul class=\"pagination\">\n\t    \n\t\n\n<li >\n\t<a href='?page_no=10483'>Previous<\/a>\n\t<\/li>\n\n\n       \n    \n\n<li><a href='?page_no=1'>1<\/a><\/li>\n\n\n\n<li><a href='?page_no=2'>2<\/a><\/li>\n\n\n\n<li><a>...<\/a><\/li>\n\n\n\n<li><a href='?page_no=10482'>10482<\/a><\/li>\n\n\n\n<li><a href='?page_no=10483'>10483<\/a><\/li>\n\n\n\n<li class='active'><a>10484<\/a><\/li>\n\n\n\n<li><a href='?page_no=10485'>10485<\/a><\/li>\n\n\n\n<li><a href='?page_no=10486'>10486<\/a><\/li>\n\n\n\n<li><a>...<\/a><\/li>\n\n\n\n<li><a href='?page_no=51012'>51012<\/a><\/li>\n\n\n\n<li><a href='?page_no=51013'>51013<\/a><\/li>\n\n    \n\t\n\n<li >\n\t<a href='?page_no=10485'>Next<\/a>\n\t<\/li>\n\n\n    \n\n<li><a href='?page_no=51013'>Last &rsaquo;&rsaquo;<\/a><\/li>\n\n<\/ul>\n\n\n--><br \/>\n<\/body><\/p>\n","protected":false},"excerpt":{"rendered":"<p>Buenos Aires, 23 abr (PL) Los trabajadores del metro de Buenos Aires volvieron hoy a encabezar una nueva protesta con el corte del servicio desde horas tempranas en una de sus l\u00edneas en demanda de mejor salario. Tras una semana tensa e intensa con interrupci\u00f3n del servicio y la apertura de molinetes en algunas estaciones, [&hellip;]<\/p>\n","protected":false},"author":3,"featured_media":0,"comment_status":"open","ping_status":"open","sticky":false,"template":"","format":"standard","meta":{"footnotes":""},"categories":[23],"tags":[],"class_list":["post-230809","post","type-post","status-publish","format-standard","hentry","category-internacional"],"_links":{"self":[{"href":"https:\/\/diariodominicano.com\/index.php?rest_route=\/wp\/v2\/posts\/230809","targetHints":{"allow":["GET"]}}],"collection":[{"href":"https:\/\/diariodominicano.com\/index.php?rest_route=\/wp\/v2\/posts"}],"about":[{"href":"https:\/\/diariodominicano.com\/index.php?rest_route=\/wp\/v2\/types\/post"}],"author":[{"embeddable":true,"href":"https:\/\/diariodominicano.com\/index.php?rest_route=\/wp\/v2\/users\/3"}],"replies":[{"embeddable":true,"href":"https:\/\/diariodominicano.com\/index.php?rest_route=%2Fwp%2Fv2%2Fcomments&post=230809"}],"version-history":[{"count":0,"href":"https:\/\/diariodominicano.com\/index.php?rest_route=\/wp\/v2\/posts\/230809\/revisions"}],"wp:attachment":[{"href":"https:\/\/diariodominicano.com\/index.php?rest_route=%2Fwp%2Fv2%2Fmedia&parent=230809"}],"wp:term":[{"taxonomy":"category","embeddable":true,"href":"https:\/\/diariodominicano.com\/index.php?rest_route=%2Fwp%2Fv2%2Fcategories&post=230809"},{"taxonomy":"post_tag","embeddable":true,"href":"https:\/\/diariodominicano.com\/index.php?rest_route=%2Fwp%2Fv2%2Ftags&post=230809"}],"curies":[{"name":"wp","href":"https:\/\/api.w.org\/{rel}","templated":true}]}}