{"id":230803,"date":"2018-04-23T13:34:41","date_gmt":"2018-04-23T13:34:41","guid":{"rendered":"http:\/\/diariodominicano.ddns.net\/?p=230803"},"modified":"2018-04-23T13:34:41","modified_gmt":"2018-04-23T13:34:41","slug":"mas-de-100-generales-retirados-cuestionan-nominacion-de-haspel-para-cia","status":"publish","type":"post","link":"https:\/\/diariodominicano.com\/?p=230803","title":{"rendered":"M\u00e1s de 100 generales retirados cuestionan nominaci\u00f3n de Haspel para CIA"},"content":{"rendered":"<p><body><\/p>\n<p><img decoding=\"async\" src=\"img3\/GinaHaspel.jpg\" \/>  <\/p>\n<p><span class=\"text1noticias\">     WASHINGTON, 23 abr (Xinhua) &#8212; M\u00e1s de 100 generales y almirantes retirados de Estados Unidos publicaron hoy una carta conjunta para exhortar al Senado a \u00abexaminar de cerca\u00bb a Gina Haspel, nominada por el presidente de Estados Unidos Donald Trump para dirigir la CIA, por su papel en el manejo de los \u00absitios oscuros\u00bb en el extranjero donde fueron torturados presuntos terroristas en la \u00faltima d\u00e9cada.<\/span><\/p>\n<p><span class=\"text1noticias\"> <\/span><\/p>\n<p><span class=\"text1noticias\">     \u00abEscribimos para expresar nuestra profunda preocupaci\u00f3n por la nominaci\u00f3n de Gina Haspel como directora de la Agencia Central de Inteligencia (CIA). Los exhortamos a examinar de cerca toda la participaci\u00f3n de la Sra. Haspel en el programa de entrega, detenci\u00f3n e interrogaci\u00f3n\u00bb, seg\u00fan la carta publicada en Human Rights First.<\/span><\/p>\n<p><span class=\"text1noticias\"> <\/span><\/p>\n<p><span class=\"text1noticias\">     \u00abSi encuentran que desempe\u00f1\u00f3 cualquier papel en la realizaci\u00f3n, supervisi\u00f3n o direcci\u00f3n de la tortura y abuso de personas en custodia de Estados Unidos, o que destruy\u00f3 evidencia relacionada con estas actividades, los exhortamos a rechazar su nominaci\u00f3n\u00bb, escribieron los ex l\u00edderes militares.<\/span><\/p>\n<p><span class=\"text1noticias\"> <\/span><\/p>\n<p><span class=\"text1noticias\">     \u00abNo aceptamos los esfuerzos para disculparla por la tortura y otros abusos il\u00edcitos de los detenidos con la excusa de que &#8216;s\u00f3lo segu\u00eda \u00f3rdenes&#8217; o de que el impacto de los ataques terroristas del 11 de septiembre justifica la conducta ilegal y poco \u00e9tica\u00bb, a\u00f1adieron.<\/span><\/p>\n<p><span class=\"text1noticias\"> <\/span><\/p>\n<p><span class=\"text1noticias\">     En la carta, los ex l\u00edderes militares tambi\u00e9n sugirieron a los senadores pedir una completa desclasificaci\u00f3n, con las redacciones necesarias, o de la informaci\u00f3n relacionada con la participaci\u00f3n de Haspel en los programas de \u00abinterrogaci\u00f3n ampliada\u00bb de la administraci\u00f3n Bush que permitieron torturas y otros abusos il\u00edcitos de los detenidos.<\/span><\/p>\n<p><span class=\"text1noticias\"> <\/span><\/p>\n<p><span class=\"text1noticias\">     La carta cita informes de que Haspel, quien ha trabajado en la CIA desde 1985, oper\u00f3 un \u00absitio negro\u00bb de la CIA con al menos un detenido, Abd al Rahim al Nashiri, quien fue torturado en repetidas ocasiones, incluyendo simulacros de asfixia con agua (waterboarding).<\/span><\/p>\n<p><span class=\"text1noticias\"> <\/span><\/p>\n<p><span class=\"text1noticias\">     Adem\u00e1s, en 2005, Haspel presuntamente desempe\u00f1\u00f3 un papel clave en la destrucci\u00f3n de cintas de video que documentaban estos interrogatorios de la CIA.<\/span><\/p>\n<p><span class=\"text1noticias\"> <\/span><\/p>\n<p><span class=\"text1noticias\">     La semana pasada, la CIA desclasific\u00f3 un memorando y concluy\u00f3 que Haspel \u00abactu\u00f3 de forma debida\u00bb al cumplir la \u00f3rden de destruir las cintas de video como evidencia.<\/span><\/p>\n<p><span class=\"text1noticias\"> <\/span><\/p>\n<p><span class=\"text1noticias\">     Human Rights First se\u00f1al\u00f3 que se destruyeron 92 cintas de individuos bajo custodia de Estados Unidos sometidos a tortura, a pesar de que un tribunal federal orden\u00f3 conservar todos los registros concernientes al abuso de detenidos.<\/span><\/p>\n<p><span class=\"text1noticias\"> <\/span><\/p>\n<p><span class=\"text1noticias\">     Haspel es la actual subdirectora de la CIA y en marzo fue nominada para reemplazar al director de la CIA, Mike Pompeo, quien fue elegido por Trump para ser el pr\u00f3ximo secretario de Estado. La audiencia de confirmaci\u00f3n de Haspel en el Senado se realizar\u00e1 el 9 <\/span>de mayo. <\/p>\n<h6> 2018-04-23 13:34:41 <\/h6>\n<p><!--\n<link rel=\"stylesheet\" href=\"css\/bootstrap.min.css\">\n\n\n<ul class=\"pagination\">\n\t    \n\t\n\n<li >\n\t<a href='?page_no=10478'>Previous<\/a>\n\t<\/li>\n\n\n       \n    \n\n<li><a href='?page_no=1'>1<\/a><\/li>\n\n\n\n<li><a href='?page_no=2'>2<\/a><\/li>\n\n\n\n<li><a>...<\/a><\/li>\n\n\n\n<li><a href='?page_no=10477'>10477<\/a><\/li>\n\n\n\n<li><a href='?page_no=10478'>10478<\/a><\/li>\n\n\n\n<li class='active'><a>10479<\/a><\/li>\n\n\n\n<li><a href='?page_no=10480'>10480<\/a><\/li>\n\n\n\n<li><a href='?page_no=10481'>10481<\/a><\/li>\n\n\n\n<li><a>...<\/a><\/li>\n\n\n\n<li><a href='?page_no=51012'>51012<\/a><\/li>\n\n\n\n<li><a href='?page_no=51013'>51013<\/a><\/li>\n\n    \n\t\n\n<li >\n\t<a href='?page_no=10480'>Next<\/a>\n\t<\/li>\n\n\n    \n\n<li><a href='?page_no=51013'>Last &rsaquo;&rsaquo;<\/a><\/li>\n\n<\/ul>\n\n\n--><br \/>\n<\/body><\/p>\n","protected":false},"excerpt":{"rendered":"<p>WASHINGTON, 23 abr (Xinhua) &#8212; M\u00e1s de 100 generales y almirantes retirados de Estados Unidos publicaron hoy una carta conjunta para exhortar al Senado a \u00abexaminar de cerca\u00bb a Gina Haspel, nominada por el presidente de Estados Unidos Donald Trump para dirigir la CIA, por su papel en el manejo de los \u00absitios oscuros\u00bb en [&hellip;]<\/p>\n","protected":false},"author":3,"featured_media":0,"comment_status":"open","ping_status":"open","sticky":false,"template":"","format":"standard","meta":{"footnotes":""},"categories":[23],"tags":[],"class_list":["post-230803","post","type-post","status-publish","format-standard","hentry","category-internacional"],"_links":{"self":[{"href":"https:\/\/diariodominicano.com\/index.php?rest_route=\/wp\/v2\/posts\/230803","targetHints":{"allow":["GET"]}}],"collection":[{"href":"https:\/\/diariodominicano.com\/index.php?rest_route=\/wp\/v2\/posts"}],"about":[{"href":"https:\/\/diariodominicano.com\/index.php?rest_route=\/wp\/v2\/types\/post"}],"author":[{"embeddable":true,"href":"https:\/\/diariodominicano.com\/index.php?rest_route=\/wp\/v2\/users\/3"}],"replies":[{"embeddable":true,"href":"https:\/\/diariodominicano.com\/index.php?rest_route=%2Fwp%2Fv2%2Fcomments&post=230803"}],"version-history":[{"count":0,"href":"https:\/\/diariodominicano.com\/index.php?rest_route=\/wp\/v2\/posts\/230803\/revisions"}],"wp:attachment":[{"href":"https:\/\/diariodominicano.com\/index.php?rest_route=%2Fwp%2Fv2%2Fmedia&parent=230803"}],"wp:term":[{"taxonomy":"category","embeddable":true,"href":"https:\/\/diariodominicano.com\/index.php?rest_route=%2Fwp%2Fv2%2Fcategories&post=230803"},{"taxonomy":"post_tag","embeddable":true,"href":"https:\/\/diariodominicano.com\/index.php?rest_route=%2Fwp%2Fv2%2Ftags&post=230803"}],"curies":[{"name":"wp","href":"https:\/\/api.w.org\/{rel}","templated":true}]}}