{"id":230792,"date":"2018-04-24T10:10:08","date_gmt":"2018-04-24T10:10:08","guid":{"rendered":"http:\/\/diariodominicano.ddns.net\/?p=230792"},"modified":"2018-04-24T10:10:08","modified_gmt":"2018-04-24T10:10:08","slug":"secretario-general-de-la-onu-llama-a-la-moderacion-en-nicaragua","status":"publish","type":"post","link":"https:\/\/diariodominicano.com\/?p=230792","title":{"rendered":"Secretario general de la ONU llama a la moderaci\u00f3n en Nicaragua"},"content":{"rendered":"<p><body><\/p>\n<p><img decoding=\"async\" src=\"img3\/onuguterres24.jpg\" \/>  <\/p>\n<p><span class=\"text1noticias\">Naciones Unidas, 24 abr (PL) El secretario general de Naciones Unidas, Ant\u00f3nio Guterres, hizo hoy un llamado a la moderaci\u00f3n ante las recientes protestas en Nicaragua y se mostr\u00f3 preocupado por la muerte de civiles.<\/span><\/p>\n<p><span class=\"text1noticias\"> <\/span><\/p>\n<p><span class=\"text1noticias\">Por medio de un comunicado, el m\u00e1ximo representante de la ONU convoc\u00f3 al gobierno de Managua a garantizar la protecci\u00f3n de los derechos humanos de todos los ciudadanos, en particular, el derecho de reuni\u00f3n pac\u00edfica y la libertad de expresi\u00f3n.<\/span><\/p>\n<p><span class=\"text1noticias\"> <\/span><\/p>\n<p><span class=\"text1noticias\">La v\u00edspera, la vicepresidenta nicarag\u00fcense Rosario Murillo abog\u00f3 por la paz y el di\u00e1logo como puerta hacia la reconciliaci\u00f3n, tras actos de violencia ocurridos en los \u00faltimos d\u00edas.<\/span><\/p>\n<p><span class=\"text1noticias\"> <\/span><\/p>\n<p><span class=\"text1noticias\">&#8216;En nuestro pa\u00eds todos queremos seguir unidos por estabilidad, trabajo, paz y victorias&#8217;, asegur\u00f3 Murillo en un llamado a la poblaci\u00f3n para unirse en pos del bien com\u00fan.<\/span><\/p>\n<p><span class=\"text1noticias\"> <\/span><\/p>\n<p><span class=\"text1noticias\">La vicemandataria reiter\u00f3 la disposici\u00f3n del presidente Daniel Ortega y del Ejecutivo de retomar las conversaciones con el sector privado, al recordar que reci\u00e9n se derog\u00f3 un decreto sobre reformas al seguro social.<\/span><\/p>\n<p><span class=\"text1noticias\"> <\/span><\/p>\n<p><span class=\"text1noticias\">De acuerdo con Ortega, dichas medidas fueron el detonante para los hechos violentos promovidos por la derecha en los que perdieron la vida al menos 10 personas.<\/span><\/p>\n<p><span class=\"text1noticias\"> <\/span><\/p>\n<p><span class=\"text1noticias\">En ese sentido, Murillo expres\u00f3 solidaridad con los familiares de los heridos y v\u00edctimas fatales y afirm\u00f3 que el gobierno trabaja por la tranquilidad, el amor, la vida y el reencuentro de los nicarag\u00fcenses.<\/span><\/p>\n<p><span class=\"text1noticias\"> <\/span><\/p>\n<p><span class=\"text1noticias\">Adem\u00e1s, agradeci\u00f3 los mensajes de solidaridad enviados a las autoridades y manifest\u00f3 su esperanza en el di\u00e1logo y el consenso para seguir adelante.<\/span><\/p>\n<p><span class=\"text1noticias\"> <\/span><\/p>\n<p><span class=\"text1noticias\">En d\u00edas pasados, presuntos grupos delincuenciales atacaron ambulancias, comercios, autos, instituciones gubernamentales, viviendas familiares y espacios p\u00fablicos, lo que cre\u00f3 el p\u00e1nico y la tensi\u00f3n<\/span> social.<\/p>\n<h6> 2018-04-24 10:10:08 <\/h6>\n<p><!--\n<link rel=\"stylesheet\" href=\"css\/bootstrap.min.css\">\n\n\n<ul class=\"pagination\">\n\t    \n\t\n\n<li >\n\t<a href='?page_no=10468'>Previous<\/a>\n\t<\/li>\n\n\n       \n    \n\n<li><a href='?page_no=1'>1<\/a><\/li>\n\n\n\n<li><a href='?page_no=2'>2<\/a><\/li>\n\n\n\n<li><a>...<\/a><\/li>\n\n\n\n<li><a href='?page_no=10467'>10467<\/a><\/li>\n\n\n\n<li><a href='?page_no=10468'>10468<\/a><\/li>\n\n\n\n<li class='active'><a>10469<\/a><\/li>\n\n\n\n<li><a href='?page_no=10470'>10470<\/a><\/li>\n\n\n\n<li><a href='?page_no=10471'>10471<\/a><\/li>\n\n\n\n<li><a>...<\/a><\/li>\n\n\n\n<li><a href='?page_no=51012'>51012<\/a><\/li>\n\n\n\n<li><a href='?page_no=51013'>51013<\/a><\/li>\n\n    \n\t\n\n<li >\n\t<a href='?page_no=10470'>Next<\/a>\n\t<\/li>\n\n\n    \n\n<li><a href='?page_no=51013'>Last &rsaquo;&rsaquo;<\/a><\/li>\n\n<\/ul>\n\n\n--><br \/>\n<\/body><\/p>\n","protected":false},"excerpt":{"rendered":"<p>Naciones Unidas, 24 abr (PL) El secretario general de Naciones Unidas, Ant\u00f3nio Guterres, hizo hoy un llamado a la moderaci\u00f3n ante las recientes protestas en Nicaragua y se mostr\u00f3 preocupado por la muerte de civiles. Por medio de un comunicado, el m\u00e1ximo representante de la ONU convoc\u00f3 al gobierno de Managua a garantizar la protecci\u00f3n [&hellip;]<\/p>\n","protected":false},"author":3,"featured_media":0,"comment_status":"open","ping_status":"open","sticky":false,"template":"","format":"standard","meta":{"footnotes":""},"categories":[23],"tags":[],"class_list":["post-230792","post","type-post","status-publish","format-standard","hentry","category-internacional"],"_links":{"self":[{"href":"https:\/\/diariodominicano.com\/index.php?rest_route=\/wp\/v2\/posts\/230792","targetHints":{"allow":["GET"]}}],"collection":[{"href":"https:\/\/diariodominicano.com\/index.php?rest_route=\/wp\/v2\/posts"}],"about":[{"href":"https:\/\/diariodominicano.com\/index.php?rest_route=\/wp\/v2\/types\/post"}],"author":[{"embeddable":true,"href":"https:\/\/diariodominicano.com\/index.php?rest_route=\/wp\/v2\/users\/3"}],"replies":[{"embeddable":true,"href":"https:\/\/diariodominicano.com\/index.php?rest_route=%2Fwp%2Fv2%2Fcomments&post=230792"}],"version-history":[{"count":0,"href":"https:\/\/diariodominicano.com\/index.php?rest_route=\/wp\/v2\/posts\/230792\/revisions"}],"wp:attachment":[{"href":"https:\/\/diariodominicano.com\/index.php?rest_route=%2Fwp%2Fv2%2Fmedia&parent=230792"}],"wp:term":[{"taxonomy":"category","embeddable":true,"href":"https:\/\/diariodominicano.com\/index.php?rest_route=%2Fwp%2Fv2%2Fcategories&post=230792"},{"taxonomy":"post_tag","embeddable":true,"href":"https:\/\/diariodominicano.com\/index.php?rest_route=%2Fwp%2Fv2%2Ftags&post=230792"}],"curies":[{"name":"wp","href":"https:\/\/api.w.org\/{rel}","templated":true}]}}