{"id":230791,"date":"2018-04-24T10:16:08","date_gmt":"2018-04-24T10:16:08","guid":{"rendered":"http:\/\/diariodominicano.ddns.net\/?p=230791"},"modified":"2018-04-24T10:16:08","modified_gmt":"2018-04-24T10:16:08","slug":"gobierno-haitiano-anuncia-reestructuracion-de-gabinete-ministerial","status":"publish","type":"post","link":"https:\/\/diariodominicano.com\/?p=230791","title":{"rendered":"Gobierno haitiano anuncia reestructuraci\u00f3n de gabinete ministerial"},"content":{"rendered":"<p><body><\/p>\n<p><img decoding=\"async\" src=\"img3\/haitiJackPM.jpg\" \/>  <\/p>\n<p><span class=\"text1noticias\">Puerto Pr\u00edncipe, 24 abr (PL) El gobierno haitiano anunci\u00f3 hoy la reestructuraci\u00f3n de parte de su gabinete ministerial, tras meses de reclamos parlamentarios y de organizaciones sociales.<\/span><\/p>\n<p><span class=\"text1noticias\"> <\/span><\/p>\n<p><span class=\"text1noticias\">En trasmisi\u00f3n televisiva, el primer ministro Jack Guy Lafontant inform\u00f3 que Jean-Marie Reynaldo Brunet reemplaza a Rudolph St-Albin como titular del Interior y Comunidades Territoriales, mientras que Jean Roudy Aly sucede a Heidi Fortun\u00e9 en calidad de responsable de Justicia y Seguridad P\u00fablica.<\/span><\/p>\n<p><span class=\"text1noticias\"> <\/span><\/p>\n<p><span class=\"text1noticias\">Asimismo, Jobert C. Angrand est\u00e1 frente a la cartera de Agricultura, Recursos Naturales y Desarrollo Rural, puesto rectorado por el ingeniero agr\u00f3nomo Carmel B\u00e9liard; el periodista Guyler C. Delva se convierte en Ministro de Cultura y Comunicaci\u00f3n, sustituyendo a Limond Toussaint y Guy Andr\u00e9 Junior Fran\u00e7ois retoma su gesti\u00f3n frente al Ministerio de Asuntos Sociales, antes liderado por St\u00e9phanie Auguste.<\/span><\/p>\n<p><span class=\"text1noticias\"> <\/span><\/p>\n<p><span class=\"text1noticias\">La renovaci\u00f3n del gabinete centr\u00f3 las pol\u00e9micas en las \u00faltimas semanas y especialistas se\u00f1alan que la situaci\u00f3n ha dividido a la mayor\u00eda del gobierno al interior del Parlamento haitiano.<\/span><\/p>\n<p><span class=\"text1noticias\"> <\/span><\/p>\n<p><span class=\"text1noticias\">El pasado 19 de abril el diputado Francisque de la Cruz, presidente del bloque pro mayoritario Jovenel Moise de la C\u00e1mara de Diputados, dio un ultim\u00e1tum de 72 horas al jefe del Estado para la renovaci\u00f3n de los ministros.<\/span><\/p>\n<p><span class=\"text1noticias\"> <\/span><\/p>\n<p><span class=\"text1noticias\">Si en 72 horas el presidente no procede a la reorganizaci\u00f3n, a nivel del bloque de la mayor\u00eda en la C\u00e1mara de Diputados, vamos a cortar los puentes con el primer ministro Jack Guy Lafontant, afirm\u00f3 de la Cruz.<\/span><\/p>\n<p><span class=\"text1noticias\"> <\/span><\/p>\n<p><span class=\"text1noticias\">El gobierno, por su parte, neg\u00f3 en varias ocasiones la reforma, y se\u00f1al\u00f3 que los cambios les compet\u00edan solamente a los miembros de poder Ejecutivo.<\/span><\/p>\n<p><span class=\"text1noticias\"> <\/span><\/p>\n<p><span class=\"text1noticias\">Los detractores exig\u00edan la renovaci\u00f3n por la mala gesti\u00f3n de algunos ministerios as\u00ed como los casos de corrupci\u00f3n al interior de las enti<\/span>dades.<\/p>\n<h6> 2018-04-24 10:16:08 <\/h6>\n<p><!--\n<link rel=\"stylesheet\" href=\"css\/bootstrap.min.css\">\n\n\n<ul class=\"pagination\">\n\t    \n\t\n\n<li >\n\t<a href='?page_no=10467'>Previous<\/a>\n\t<\/li>\n\n\n       \n    \n\n<li><a href='?page_no=1'>1<\/a><\/li>\n\n\n\n<li><a href='?page_no=2'>2<\/a><\/li>\n\n\n\n<li><a>...<\/a><\/li>\n\n\n\n<li><a href='?page_no=10466'>10466<\/a><\/li>\n\n\n\n<li><a href='?page_no=10467'>10467<\/a><\/li>\n\n\n\n<li class='active'><a>10468<\/a><\/li>\n\n\n\n<li><a href='?page_no=10469'>10469<\/a><\/li>\n\n\n\n<li><a href='?page_no=10470'>10470<\/a><\/li>\n\n\n\n<li><a>...<\/a><\/li>\n\n\n\n<li><a href='?page_no=51012'>51012<\/a><\/li>\n\n\n\n<li><a href='?page_no=51013'>51013<\/a><\/li>\n\n    \n\t\n\n<li >\n\t<a href='?page_no=10469'>Next<\/a>\n\t<\/li>\n\n\n    \n\n<li><a href='?page_no=51013'>Last &rsaquo;&rsaquo;<\/a><\/li>\n\n<\/ul>\n\n\n--><br \/>\n<\/body><\/p>\n","protected":false},"excerpt":{"rendered":"<p>Puerto Pr\u00edncipe, 24 abr (PL) El gobierno haitiano anunci\u00f3 hoy la reestructuraci\u00f3n de parte de su gabinete ministerial, tras meses de reclamos parlamentarios y de organizaciones sociales. En trasmisi\u00f3n televisiva, el primer ministro Jack Guy Lafontant inform\u00f3 que Jean-Marie Reynaldo Brunet reemplaza a Rudolph St-Albin como titular del Interior y Comunidades Territoriales, mientras que Jean [&hellip;]<\/p>\n","protected":false},"author":3,"featured_media":0,"comment_status":"open","ping_status":"open","sticky":false,"template":"","format":"standard","meta":{"footnotes":""},"categories":[23],"tags":[],"class_list":["post-230791","post","type-post","status-publish","format-standard","hentry","category-internacional"],"_links":{"self":[{"href":"https:\/\/diariodominicano.com\/index.php?rest_route=\/wp\/v2\/posts\/230791","targetHints":{"allow":["GET"]}}],"collection":[{"href":"https:\/\/diariodominicano.com\/index.php?rest_route=\/wp\/v2\/posts"}],"about":[{"href":"https:\/\/diariodominicano.com\/index.php?rest_route=\/wp\/v2\/types\/post"}],"author":[{"embeddable":true,"href":"https:\/\/diariodominicano.com\/index.php?rest_route=\/wp\/v2\/users\/3"}],"replies":[{"embeddable":true,"href":"https:\/\/diariodominicano.com\/index.php?rest_route=%2Fwp%2Fv2%2Fcomments&post=230791"}],"version-history":[{"count":0,"href":"https:\/\/diariodominicano.com\/index.php?rest_route=\/wp\/v2\/posts\/230791\/revisions"}],"wp:attachment":[{"href":"https:\/\/diariodominicano.com\/index.php?rest_route=%2Fwp%2Fv2%2Fmedia&parent=230791"}],"wp:term":[{"taxonomy":"category","embeddable":true,"href":"https:\/\/diariodominicano.com\/index.php?rest_route=%2Fwp%2Fv2%2Fcategories&post=230791"},{"taxonomy":"post_tag","embeddable":true,"href":"https:\/\/diariodominicano.com\/index.php?rest_route=%2Fwp%2Fv2%2Ftags&post=230791"}],"curies":[{"name":"wp","href":"https:\/\/api.w.org\/{rel}","templated":true}]}}