{"id":230788,"date":"2018-04-25T08:46:21","date_gmt":"2018-04-25T08:46:21","guid":{"rendered":"http:\/\/diariodominicano.ddns.net\/?p=230788"},"modified":"2018-04-25T08:46:21","modified_gmt":"2018-04-25T08:46:21","slug":"mueren-16-personas-en-ataque-contra-iglesia-catolica-en-nigeria","status":"publish","type":"post","link":"https:\/\/diariodominicano.com\/?p=230788","title":{"rendered":"Mueren 16 personas en ataque contra iglesia cat\u00f3lica en Nigeria"},"content":{"rendered":"<p><body><\/p>\n<p><img decoding=\"async\" src=\"img3\/NigeriaIglesia.jpg\" \/>  <\/p>\n<p><span class=\"text1noticias\">     LAGOS, 25 abr (Xinhua) &#8212; Al menos 16 personas murieron en un ataque perpetrado supuestamente por pastores musulmanes en la madrugada del martes contra una iglesia cat\u00f3lica en el estado nigeriano de Benue, confirm\u00f3 la polic\u00eda local.<\/span><\/p>\n<p><span class=\"text1noticias\"> <\/span><\/p>\n<p><span class=\"text1noticias\">     En declaraciones a la prensa, el comisario Owoseni Fatai afirm\u00f3 que unos 30 atacantes abrieron fuego contra los creyentes en la iglesia San Ignatius Quasi durante la oraci\u00f3n de la ma\u00f1ana aproximadamente a las 6:00 a.m. (05:00 GMT).<\/span><\/p>\n<p><span class=\"text1noticias\"> <\/span><\/p>\n<p><span class=\"text1noticias\">     \u00abAtacaron el lugar durante un funeral y tambi\u00e9n (&#8230;) la iglesia donde dos respetados padres estaban celebrando la misa\u00bb, dijo Fatai.<\/span><\/p>\n<p><span class=\"text1noticias\"> <\/span><\/p>\n<p><span class=\"text1noticias\">     La di\u00f3cesis cat\u00f3lica de Makurdi confirm\u00f3 la muerte de los sacerdotes Joseph Gor y Felix Tyolaha en un comunicado en el que conden\u00f3 la violencia.<\/span><\/p>\n<p><span class=\"text1noticias\"> <\/span><\/p>\n<p><span class=\"text1noticias\">     Seg\u00fan las investigaciones, asegur\u00f3 Fatai, los pastores estuvieron alrededor del \u00e1rea durante alg\u00fan tiempo antes de atacar.<\/span><\/p>\n<p><span class=\"text1noticias\"> <\/span><\/p>\n<p><span class=\"text1noticias\">     La zona es lugar habitual de enfrentamientos entre pastores del grupo \u00e9tnico Fulani, que son principalmente musulmanes, y miembros de las comunidades de agricultores, en su mayor\u00eda cristianas.<\/span><\/p>\n<p><span class=\"text1noticias\"> <\/span><\/p>\n<p><span class=\"text1noticias\">     El presidente de Nigeria, Muhammadu Buhari, conden\u00f3 el ataque en un comunicado en el que dijo: \u00abViolar un lugar de oraci\u00f3n, matar a sacerdotes y creyentes no s\u00f3lo es vil, malvado y sat\u00e1nico, sino tambi\u00e9n un acto calculado para fomentar los conflictos religiosos y sumir a nuestras comunidades en una masacre sin <\/span>fin\u00bb. <\/p>\n<h6> 2018-04-25 08:46:21 <\/h6>\n<p><!--\n<link rel=\"stylesheet\" href=\"css\/bootstrap.min.css\">\n\n\n<ul class=\"pagination\">\n\t    \n\t\n\n<li >\n\t<a href='?page_no=10464'>Previous<\/a>\n\t<\/li>\n\n\n       \n    \n\n<li><a href='?page_no=1'>1<\/a><\/li>\n\n\n\n<li><a href='?page_no=2'>2<\/a><\/li>\n\n\n\n<li><a>...<\/a><\/li>\n\n\n\n<li><a href='?page_no=10463'>10463<\/a><\/li>\n\n\n\n<li><a href='?page_no=10464'>10464<\/a><\/li>\n\n\n\n<li class='active'><a>10465<\/a><\/li>\n\n\n\n<li><a href='?page_no=10466'>10466<\/a><\/li>\n\n\n\n<li><a href='?page_no=10467'>10467<\/a><\/li>\n\n\n\n<li><a>...<\/a><\/li>\n\n\n\n<li><a href='?page_no=51012'>51012<\/a><\/li>\n\n\n\n<li><a href='?page_no=51013'>51013<\/a><\/li>\n\n    \n\t\n\n<li >\n\t<a href='?page_no=10466'>Next<\/a>\n\t<\/li>\n\n\n    \n\n<li><a href='?page_no=51013'>Last &rsaquo;&rsaquo;<\/a><\/li>\n\n<\/ul>\n\n\n--><br \/>\n<\/body><\/p>\n","protected":false},"excerpt":{"rendered":"<p>LAGOS, 25 abr (Xinhua) &#8212; Al menos 16 personas murieron en un ataque perpetrado supuestamente por pastores musulmanes en la madrugada del martes contra una iglesia cat\u00f3lica en el estado nigeriano de Benue, confirm\u00f3 la polic\u00eda local. En declaraciones a la prensa, el comisario Owoseni Fatai afirm\u00f3 que unos 30 atacantes abrieron fuego contra los [&hellip;]<\/p>\n","protected":false},"author":3,"featured_media":0,"comment_status":"open","ping_status":"open","sticky":false,"template":"","format":"standard","meta":{"footnotes":""},"categories":[23],"tags":[],"class_list":["post-230788","post","type-post","status-publish","format-standard","hentry","category-internacional"],"_links":{"self":[{"href":"https:\/\/diariodominicano.com\/index.php?rest_route=\/wp\/v2\/posts\/230788","targetHints":{"allow":["GET"]}}],"collection":[{"href":"https:\/\/diariodominicano.com\/index.php?rest_route=\/wp\/v2\/posts"}],"about":[{"href":"https:\/\/diariodominicano.com\/index.php?rest_route=\/wp\/v2\/types\/post"}],"author":[{"embeddable":true,"href":"https:\/\/diariodominicano.com\/index.php?rest_route=\/wp\/v2\/users\/3"}],"replies":[{"embeddable":true,"href":"https:\/\/diariodominicano.com\/index.php?rest_route=%2Fwp%2Fv2%2Fcomments&post=230788"}],"version-history":[{"count":0,"href":"https:\/\/diariodominicano.com\/index.php?rest_route=\/wp\/v2\/posts\/230788\/revisions"}],"wp:attachment":[{"href":"https:\/\/diariodominicano.com\/index.php?rest_route=%2Fwp%2Fv2%2Fmedia&parent=230788"}],"wp:term":[{"taxonomy":"category","embeddable":true,"href":"https:\/\/diariodominicano.com\/index.php?rest_route=%2Fwp%2Fv2%2Fcategories&post=230788"},{"taxonomy":"post_tag","embeddable":true,"href":"https:\/\/diariodominicano.com\/index.php?rest_route=%2Fwp%2Fv2%2Ftags&post=230788"}],"curies":[{"name":"wp","href":"https:\/\/api.w.org\/{rel}","templated":true}]}}