{"id":230785,"date":"2018-04-25T12:45:48","date_gmt":"2018-04-25T12:45:48","guid":{"rendered":"http:\/\/diariodominicano.ddns.net\/?p=230785"},"modified":"2018-04-25T12:45:48","modified_gmt":"2018-04-25T12:45:48","slug":"huelga-de-aseguradora-haitiana-de-vehiculos-se-intensifica","status":"publish","type":"post","link":"https:\/\/diariodominicano.com\/?p=230785","title":{"rendered":"Huelga de aseguradora haitiana de veh\u00edculos se intensifica"},"content":{"rendered":"<p><body><\/p>\n<p><img decoding=\"async\" src=\"img3\/Hiaitiotac25.jpg\" \/>  <\/p>\n<p>Puerto Pr\u00edncipe, 25 abr (PL) Los empleados de la Agencia de Seguros de Veh\u00edculos contra Terceros (OAVCT) contin\u00faan hoy en huelga, luego de cuatro semanas exigiendo la renuncia de su actual director general.<\/p>\n<\/p>\n<p>El movimiento, denominado Brazos cruzados, protesta contra una circular de la Comisi\u00f3n de Restructuraci\u00f3n T\u00e9cnica OAVCT que pide a los trabajadores de m\u00e1s de 15 a\u00f1os en la instituci\u00f3n cartas de referencia y recomendaci\u00f3n con car\u00e1cter obligatorio.<\/p>\n<\/p>\n<p>La administraci\u00f3n como parte de la actualizaci\u00f3n de los registros, solicita, adem\u00e1s, copias de diplomas o certificados de estudios, tarjetas de identificaci\u00f3n, fotos y otros documentos, lo que ha generado descontento entre los empleados.<\/p>\n<\/p>\n<p>El sindicato de la entidad denunci\u00f3 las amenazas a las que est\u00e1n sometidos algunos de sus miembros, as\u00ed como otras medidas para intensificar la lucha y cumplir sus objetivos.<\/p>\n<\/p>\n<p>Seg\u00fan Jean Roody Saint-Juste, portavoz de la organizaci\u00f3n sindical, continuar\u00e1n movilizados hasta que los tres miembros de la Comisi\u00f3n se vayan y a\u00f1adi\u00f3 que la batalla iniciada es en inter\u00e9s de toda la poblaci\u00f3n y resulta un deber para ellos.<\/p>\n<\/p>\n<p>Asimismo, anunci\u00f3 una movilizaci\u00f3n el pr\u00f3ximo viernes, para decir no a la persecuci\u00f3n y a la mala gesti\u00f3n administrativa, y exigir el nombramiento de un nuevo director de la oficina aseguradora.<\/p>\n<\/p>\n<p>El portavoz tambi\u00e9n llam\u00f3 la atenci\u00f3n a otras estructuras similares sobre la necesidad de actuar en sinergia en el marco de este movimiento. &#8216;Debemos unirnos para evitar que el gobierno privatice la instituci\u00f3n&#8217;, afirm\u00f3.<\/p>\n<\/p>\n<p>La Comisi\u00f3n de Restructuraci\u00f3n T\u00e9cnica OAVCT se cre\u00f3 en junio pasado con el objetivo de proponer un plan de emergencia, as\u00ed como atender el sistema de contrataci\u00f3n y nombramientos.<\/p>\n<\/p>\n<p>La aseguradora enfrent\u00f3 una crisis similar en mayo de 2017, y seg\u00fan datos revelados por la propia Comisi\u00f3n las constantes huelgas dejaron p\u00e9rdidas calculadas en 96 millones de gourdes (un mill\u00f3n 525 mil 935 d\u00f3lares).<\/p>\n<h6> 2018-04-25 12:45:48 <\/h6>\n<p><!--\n<link rel=\"stylesheet\" href=\"css\/bootstrap.min.css\">\n\n\n<ul class=\"pagination\">\n\t    \n\t\n\n<li >\n\t<a href='?page_no=10461'>Previous<\/a>\n\t<\/li>\n\n\n       \n    \n\n<li><a href='?page_no=1'>1<\/a><\/li>\n\n\n\n<li><a href='?page_no=2'>2<\/a><\/li>\n\n\n\n<li><a>...<\/a><\/li>\n\n\n\n<li><a href='?page_no=10460'>10460<\/a><\/li>\n\n\n\n<li><a href='?page_no=10461'>10461<\/a><\/li>\n\n\n\n<li class='active'><a>10462<\/a><\/li>\n\n\n\n<li><a href='?page_no=10463'>10463<\/a><\/li>\n\n\n\n<li><a href='?page_no=10464'>10464<\/a><\/li>\n\n\n\n<li><a>...<\/a><\/li>\n\n\n\n<li><a href='?page_no=51012'>51012<\/a><\/li>\n\n\n\n<li><a href='?page_no=51013'>51013<\/a><\/li>\n\n    \n\t\n\n<li >\n\t<a href='?page_no=10463'>Next<\/a>\n\t<\/li>\n\n\n    \n\n<li><a href='?page_no=51013'>Last &rsaquo;&rsaquo;<\/a><\/li>\n\n<\/ul>\n\n\n--><br \/>\n<\/body><\/p>\n","protected":false},"excerpt":{"rendered":"<p>Puerto Pr\u00edncipe, 25 abr (PL) Los empleados de la Agencia de Seguros de Veh\u00edculos contra Terceros (OAVCT) contin\u00faan hoy en huelga, luego de cuatro semanas exigiendo la renuncia de su actual director general. El movimiento, denominado Brazos cruzados, protesta contra una circular de la Comisi\u00f3n de Restructuraci\u00f3n T\u00e9cnica OAVCT que pide a los trabajadores de [&hellip;]<\/p>\n","protected":false},"author":3,"featured_media":0,"comment_status":"open","ping_status":"open","sticky":false,"template":"","format":"standard","meta":{"footnotes":""},"categories":[23],"tags":[],"class_list":["post-230785","post","type-post","status-publish","format-standard","hentry","category-internacional"],"_links":{"self":[{"href":"https:\/\/diariodominicano.com\/index.php?rest_route=\/wp\/v2\/posts\/230785","targetHints":{"allow":["GET"]}}],"collection":[{"href":"https:\/\/diariodominicano.com\/index.php?rest_route=\/wp\/v2\/posts"}],"about":[{"href":"https:\/\/diariodominicano.com\/index.php?rest_route=\/wp\/v2\/types\/post"}],"author":[{"embeddable":true,"href":"https:\/\/diariodominicano.com\/index.php?rest_route=\/wp\/v2\/users\/3"}],"replies":[{"embeddable":true,"href":"https:\/\/diariodominicano.com\/index.php?rest_route=%2Fwp%2Fv2%2Fcomments&post=230785"}],"version-history":[{"count":0,"href":"https:\/\/diariodominicano.com\/index.php?rest_route=\/wp\/v2\/posts\/230785\/revisions"}],"wp:attachment":[{"href":"https:\/\/diariodominicano.com\/index.php?rest_route=%2Fwp%2Fv2%2Fmedia&parent=230785"}],"wp:term":[{"taxonomy":"category","embeddable":true,"href":"https:\/\/diariodominicano.com\/index.php?rest_route=%2Fwp%2Fv2%2Fcategories&post=230785"},{"taxonomy":"post_tag","embeddable":true,"href":"https:\/\/diariodominicano.com\/index.php?rest_route=%2Fwp%2Fv2%2Ftags&post=230785"}],"curies":[{"name":"wp","href":"https:\/\/api.w.org\/{rel}","templated":true}]}}