{"id":230784,"date":"2018-04-25T12:58:23","date_gmt":"2018-04-25T12:58:23","guid":{"rendered":"http:\/\/diariodominicano.ddns.net\/?p=230784"},"modified":"2018-04-25T12:58:23","modified_gmt":"2018-04-25T12:58:23","slug":"amenaza-malaria-a-mas-de-90-por-ciento-de-nigerianos","status":"publish","type":"post","link":"https:\/\/diariodominicano.com\/?p=230784","title":{"rendered":"Amenaza malaria a m\u00e1s de 90 por ciento de nigerianos"},"content":{"rendered":"<p><body><\/p>\n<p><img decoding=\"async\" src=\"img3\/NigeriaMmalaria25.jpg\" \/>  <\/p>\n<p><span class=\"text1noticias\">     LAGOS, Nigeria, 25 abr (Xinhua) &#8212; M\u00e1s de 90 por ciento de la poblaci\u00f3n de Nigeria est\u00e1 en riesgo de malaria, mientras que los ni\u00f1os y las mujeres embarazadas son los m\u00e1s vulnerables a esta enfermedad, declar\u00f3 hoy un funcionario.<\/span><\/p>\n<p><span class=\"text1noticias\"> <\/span><\/p>\n<p><span class=\"text1noticias\">     La malaria, aunque es prevenible, sigue siendo un grave problema de salud p\u00fablica en Nigeria, dijo a los reporteros Mohammed Kawuwa, comisionado de Salud del estado nororiental de Yobe.<\/span><\/p>\n<p><span class=\"text1noticias\"> <\/span><\/p>\n<p><span class=\"text1noticias\">     Kawuwa habl\u00f3 en Damaturu, la capital estatal, durante la conmemoraci\u00f3n del D\u00eda Mundial del Paludismo 2018.<\/span><\/p>\n<p><span class=\"text1noticias\"> <\/span><\/p>\n<p><span class=\"text1noticias\">     Estad\u00edsticas m\u00e9dicas muestran que Nigeria es el pa\u00eds m\u00e1s afectado a nivel mundial por la malaria, ya que se registran al a\u00f1o alrededor de 51 millones de casos y 207.000 muertes,   cerca del 30 por ciento del total de afectaciones por la malaria en \u00c1frica. Adem\u00e1s, 97 por ciento de la poblaci\u00f3n total (unos 173 millones de personas) est\u00e1 en riesgo de contagio.<\/span><\/p>\n<p><span class=\"text1noticias\"> <\/span><\/p>\n<p><span class=\"text1noticias\">     Las estad\u00edsticas de la Organizaci\u00f3n Mundial de la Salud (OMS) muestran que alrededor de 3.400 millones de personas viven en \u00e1reas propensas a la transmisi\u00f3n de la malaria en 91 pa\u00edses y territorios.<\/span><\/p>\n<p><span class=\"text1noticias\"> <\/span><\/p>\n<p><span class=\"text1noticias\">     El D\u00eda Mundial del Paludismo es una conmemoraci\u00f3n internacional que se realiza cada 25 de abril para reconocer los esfuerzos globales para controlar la malaria con la meta com\u00fan de garantizar un mundo libre de la enferm<\/span>edad.<\/p>\n<h6> 2018-04-25 12:58:23 <\/h6>\n<p><!--\n<link rel=\"stylesheet\" href=\"css\/bootstrap.min.css\">\n\n\n<ul class=\"pagination\">\n\t    \n\t\n\n<li >\n\t<a href='?page_no=10460'>Previous<\/a>\n\t<\/li>\n\n\n       \n    \n\n<li><a href='?page_no=1'>1<\/a><\/li>\n\n\n\n<li><a href='?page_no=2'>2<\/a><\/li>\n\n\n\n<li><a>...<\/a><\/li>\n\n\n\n<li><a href='?page_no=10459'>10459<\/a><\/li>\n\n\n\n<li><a href='?page_no=10460'>10460<\/a><\/li>\n\n\n\n<li class='active'><a>10461<\/a><\/li>\n\n\n\n<li><a href='?page_no=10462'>10462<\/a><\/li>\n\n\n\n<li><a href='?page_no=10463'>10463<\/a><\/li>\n\n\n\n<li><a>...<\/a><\/li>\n\n\n\n<li><a href='?page_no=51012'>51012<\/a><\/li>\n\n\n\n<li><a href='?page_no=51013'>51013<\/a><\/li>\n\n    \n\t\n\n<li >\n\t<a href='?page_no=10462'>Next<\/a>\n\t<\/li>\n\n\n    \n\n<li><a href='?page_no=51013'>Last &rsaquo;&rsaquo;<\/a><\/li>\n\n<\/ul>\n\n\n--><br \/>\n<\/body><\/p>\n","protected":false},"excerpt":{"rendered":"<p>LAGOS, Nigeria, 25 abr (Xinhua) &#8212; M\u00e1s de 90 por ciento de la poblaci\u00f3n de Nigeria est\u00e1 en riesgo de malaria, mientras que los ni\u00f1os y las mujeres embarazadas son los m\u00e1s vulnerables a esta enfermedad, declar\u00f3 hoy un funcionario. La malaria, aunque es prevenible, sigue siendo un grave problema de salud p\u00fablica en Nigeria, [&hellip;]<\/p>\n","protected":false},"author":3,"featured_media":0,"comment_status":"open","ping_status":"open","sticky":false,"template":"","format":"standard","meta":{"footnotes":""},"categories":[23],"tags":[],"class_list":["post-230784","post","type-post","status-publish","format-standard","hentry","category-internacional"],"_links":{"self":[{"href":"https:\/\/diariodominicano.com\/index.php?rest_route=\/wp\/v2\/posts\/230784","targetHints":{"allow":["GET"]}}],"collection":[{"href":"https:\/\/diariodominicano.com\/index.php?rest_route=\/wp\/v2\/posts"}],"about":[{"href":"https:\/\/diariodominicano.com\/index.php?rest_route=\/wp\/v2\/types\/post"}],"author":[{"embeddable":true,"href":"https:\/\/diariodominicano.com\/index.php?rest_route=\/wp\/v2\/users\/3"}],"replies":[{"embeddable":true,"href":"https:\/\/diariodominicano.com\/index.php?rest_route=%2Fwp%2Fv2%2Fcomments&post=230784"}],"version-history":[{"count":0,"href":"https:\/\/diariodominicano.com\/index.php?rest_route=\/wp\/v2\/posts\/230784\/revisions"}],"wp:attachment":[{"href":"https:\/\/diariodominicano.com\/index.php?rest_route=%2Fwp%2Fv2%2Fmedia&parent=230784"}],"wp:term":[{"taxonomy":"category","embeddable":true,"href":"https:\/\/diariodominicano.com\/index.php?rest_route=%2Fwp%2Fv2%2Fcategories&post=230784"},{"taxonomy":"post_tag","embeddable":true,"href":"https:\/\/diariodominicano.com\/index.php?rest_route=%2Fwp%2Fv2%2Ftags&post=230784"}],"curies":[{"name":"wp","href":"https:\/\/api.w.org\/{rel}","templated":true}]}}