{"id":230779,"date":"2018-04-26T10:49:20","date_gmt":"2018-04-26T10:49:20","guid":{"rendered":"http:\/\/diariodominicano.ddns.net\/?p=230779"},"modified":"2018-04-26T10:49:20","modified_gmt":"2018-04-26T10:49:20","slug":"armenia-elegira-a-nuevo-primer-ministro-el-proximo-1-de-mayo","status":"publish","type":"post","link":"https:\/\/diariodominicano.com\/?p=230779","title":{"rendered":"Armenia elegir\u00e1 a nuevo primer ministro el pr\u00f3ximo 1 de mayo"},"content":{"rendered":"<p><body><\/p>\n<p><img decoding=\"async\" src=\"img3\/Serzh Sargsyan.jpg\" \/>  <\/p>\n<p><span class=\"text1noticias\">     EREVAN, 26 abr (Xinhua) &#8212; El presidente del parlamento armenio, Ara Babloyan, anunci\u00f3 este jueves que la Asamblea Nacional del pa\u00eds ser\u00e1 convocada la pr\u00f3xima semana para elegir a un nuevo primer ministro.<\/span><\/p>\n<p><span class=\"text1noticias\"> <\/span><\/p>\n<p><span class=\"text1noticias\">     Babloyan dijo en un comunicado que la votaci\u00f3n se celebrar\u00e1 el pr\u00f3ximo 1 de mayo.<\/span><\/p>\n<p><span class=\"text1noticias\"> <\/span><\/p>\n<p><span class=\"text1noticias\">     El ex primer ministro del pa\u00eds Serzh Sargsyan renunci\u00f3 a su cargo el pasado lunes tras cerca de dos semanas de protestas contra el gobernante Partido Republicano.<\/span><\/p>\n<p><span class=\"text1noticias\"> <\/span><\/p>\n<p><span class=\"text1noticias\">     Sargsyan, quien hab\u00eda sido presidente armenio durante una d\u00e9cada, fue nombrado como primer ministro por la Asamblea Nacional el 17 de abril.<\/span><\/p>\n<p><span class=\"text1noticias\"> <\/span><\/p>\n<p><span class=\"text1noticias\">     Las manifestaciones contra su mandato fueron lideradas por el parlamentario opositor Nikol Pashinyan, quien demandaba una entrega inmediata y pac\u00edfica de poder, y su nombramiento como el pr\u00f3ximo primer ministro interino.<\/span><\/p>\n<p><span class=\"text1noticias\"> <\/span><\/p>\n<p><span class=\"text1noticias\">     El puesto de Sargsyan est\u00e1 ocupado temporalmente por su asistente Karen Karapetyan, ex primer ministro y antiguo ejecutivo del gigante de gas ruso Gazprom.<\/span><\/p>\n<p><span class=\"text1noticias\"> <\/span><\/p>\n<p><span class=\"text1noticias\">     Sin embargo, la oposici\u00f3n armenia continu\u00f3 las protestas masivas en las calles y el pasado mi\u00e9rcoles cancel\u00f3 las conversaciones planificadas entre Karapetyan y Pash<\/span>inyan.<\/p>\n<h6> 2018-04-26 10:49:20 <\/h6>\n<p><!--\n<link rel=\"stylesheet\" href=\"css\/bootstrap.min.css\">\n\n\n<ul class=\"pagination\">\n\t    \n\t\n\n<li >\n\t<a href='?page_no=10456'>Previous<\/a>\n\t<\/li>\n\n\n       \n    \n\n<li><a href='?page_no=1'>1<\/a><\/li>\n\n\n\n<li><a href='?page_no=2'>2<\/a><\/li>\n\n\n\n<li><a>...<\/a><\/li>\n\n\n\n<li><a href='?page_no=10455'>10455<\/a><\/li>\n\n\n\n<li><a href='?page_no=10456'>10456<\/a><\/li>\n\n\n\n<li class='active'><a>10457<\/a><\/li>\n\n\n\n<li><a href='?page_no=10458'>10458<\/a><\/li>\n\n\n\n<li><a href='?page_no=10459'>10459<\/a><\/li>\n\n\n\n<li><a>...<\/a><\/li>\n\n\n\n<li><a href='?page_no=51012'>51012<\/a><\/li>\n\n\n\n<li><a href='?page_no=51013'>51013<\/a><\/li>\n\n    \n\t\n\n<li >\n\t<a href='?page_no=10458'>Next<\/a>\n\t<\/li>\n\n\n    \n\n<li><a href='?page_no=51013'>Last &rsaquo;&rsaquo;<\/a><\/li>\n\n<\/ul>\n\n\n--><br \/>\n<\/body><\/p>\n","protected":false},"excerpt":{"rendered":"<p>EREVAN, 26 abr (Xinhua) &#8212; El presidente del parlamento armenio, Ara Babloyan, anunci\u00f3 este jueves que la Asamblea Nacional del pa\u00eds ser\u00e1 convocada la pr\u00f3xima semana para elegir a un nuevo primer ministro. Babloyan dijo en un comunicado que la votaci\u00f3n se celebrar\u00e1 el pr\u00f3ximo 1 de mayo. El ex primer ministro del pa\u00eds Serzh [&hellip;]<\/p>\n","protected":false},"author":3,"featured_media":0,"comment_status":"open","ping_status":"open","sticky":false,"template":"","format":"standard","meta":{"footnotes":""},"categories":[23],"tags":[],"class_list":["post-230779","post","type-post","status-publish","format-standard","hentry","category-internacional"],"_links":{"self":[{"href":"https:\/\/diariodominicano.com\/index.php?rest_route=\/wp\/v2\/posts\/230779","targetHints":{"allow":["GET"]}}],"collection":[{"href":"https:\/\/diariodominicano.com\/index.php?rest_route=\/wp\/v2\/posts"}],"about":[{"href":"https:\/\/diariodominicano.com\/index.php?rest_route=\/wp\/v2\/types\/post"}],"author":[{"embeddable":true,"href":"https:\/\/diariodominicano.com\/index.php?rest_route=\/wp\/v2\/users\/3"}],"replies":[{"embeddable":true,"href":"https:\/\/diariodominicano.com\/index.php?rest_route=%2Fwp%2Fv2%2Fcomments&post=230779"}],"version-history":[{"count":0,"href":"https:\/\/diariodominicano.com\/index.php?rest_route=\/wp\/v2\/posts\/230779\/revisions"}],"wp:attachment":[{"href":"https:\/\/diariodominicano.com\/index.php?rest_route=%2Fwp%2Fv2%2Fmedia&parent=230779"}],"wp:term":[{"taxonomy":"category","embeddable":true,"href":"https:\/\/diariodominicano.com\/index.php?rest_route=%2Fwp%2Fv2%2Fcategories&post=230779"},{"taxonomy":"post_tag","embeddable":true,"href":"https:\/\/diariodominicano.com\/index.php?rest_route=%2Fwp%2Fv2%2Ftags&post=230779"}],"curies":[{"name":"wp","href":"https:\/\/api.w.org\/{rel}","templated":true}]}}