{"id":230656,"date":"2018-05-07T13:42:33","date_gmt":"2018-05-07T13:42:33","guid":{"rendered":"http:\/\/diariodominicano.ddns.net\/?p=230656"},"modified":"2018-05-07T13:42:33","modified_gmt":"2018-05-07T13:42:33","slug":"temer-niega-que-su-hija-pagara-reformas-en-vivienda-con-dinero-de-sobornos-en-brasil","status":"publish","type":"post","link":"https:\/\/diariodominicano.com\/?p=230656","title":{"rendered":"Temer niega que su hija pagara reformas en vivienda con dinero de sobornos en Brasil"},"content":{"rendered":"<p><body><\/p>\n<p><img decoding=\"async\" src=\"img3\/mariselatemer.png\" \/>  <\/p>\n<p><span class=\"text1noticias\">     RIO DE JANEIRO, 7 may (Xinhua) &#8212; El presidente de Brasil, Michel Temer, neg\u00f3 hoy lunes que su hija Maristela hubiera reformado su residencia con dinero il\u00edcito procedente de supuestos sobornos cobrados por el mandatario.<\/span><\/p>\n<p><span class=\"text1noticias\"> <\/span><\/p>\n<p><span class=\"text1noticias\">     \u00abFue una reforma regularmente pagada, regularmente esclarecida. No tengo los datos de la declaraci\u00f3n que (Maristela) prest\u00f3, pero supe que fue todo bien. Ning\u00fan punto dej\u00f3 de ser esclarecido\u00bb, expuso Temer en entrevista a la cadena televisiva SBT transmitida esta madrugada.<\/span><\/p>\n<p><span class=\"text1noticias\"> <\/span><\/p>\n<p><span class=\"text1noticias\">     Maristela Temer prest\u00f3 declaraci\u00f3n sobre el asunto el pasado 3 de mayo ante la Polic\u00eda Federal en Sao Paulo.<\/span><\/p>\n<p><span class=\"text1noticias\"> <\/span><\/p>\n<p><span class=\"text1noticias\">     La declaraci\u00f3n fue para esclarecer una pol\u00e9mica reforma que realiz\u00f3 en su vivienda en Sao Paulo, tras denuncias de que fue pagada en efectivo con dinero de supuestos sobornos recibidos por Michel Temer.<\/span><\/p>\n<p><span class=\"text1noticias\"> <\/span><\/p>\n<p><span class=\"text1noticias\">     Seg\u00fan las denuncias, el dinero lo habr\u00eda entregado Joao Baptista Lima, amigo personal del presidente Temer.<\/span><\/p>\n<p><span class=\"text1noticias\"> <\/span><\/p>\n<p><span class=\"text1noticias\">     El mandatario defendi\u00f3 en la entrevista su amistad con Baptista Lima, que defini\u00f3 de \u00abfraternidad\u00bb, quien \u00abacab\u00f3 siendo v\u00edctima por ser mi amigo\u00bb.<\/span><\/p>\n<p><span class=\"text1noticias\"> <\/span><\/p>\n<p><span class=\"text1noticias\">     Michel Temer se mostr\u00f3 inc\u00f3modo con el asunto y afirm\u00f3 \u00ablamento que estemos conversando sobre esto, en lugar de conversar sobre Brasil\u00bb.<\/span><\/p>\n<p><span class=\"text1noticias\"> <\/span><\/p>\n<p><span class=\"text1noticias\">      El presidente se refiri\u00f3 adem\u00e1s a una posible denuncia en su contra sobre un decreto en el sector portuario firmado el a\u00f1o pasado para favorecer supuestamente a una determinada empresa.<\/span><\/p>\n<p><span class=\"text1noticias\"> <\/span><\/p>\n<p><span class=\"text1noticias\">     \u00abNo considero esta posibilidad. Cualquier denuncia ser\u00eda tan pifia como las anteriores\u00bb, dijo Temer.<\/span><\/p>\n<p><span class=\"text1noticias\"> <\/span><\/p>\n<p><span class=\"text1noticias\">     \u00abLos investigadores no tienen datos suficientes tras 150 d\u00edas para decir que el presidente est\u00e1 incriminado. El objetivo de esto es mantener al presidente bajo investigaci\u00f3n\u00bb, asever\u00f3 el mandatario.<\/span><\/p>\n<p><span class=\"text1noticias\"> <\/span><\/p>\n<p><span class=\"text1noticias\">     Respecto a la posibilidad de buscar la reelecci\u00f3n en los comicios de octubre pr\u00f3ximo, no quiso definirse.<\/span><\/p>\n<p><span class=\"text1noticias\"> <\/span><\/p>\n<p><span class=\"text1noticias\">     \u00abSi es necesario, no me presento, con la mayor tranquilidad. No tendr\u00eda dificultad para esto. Si hay una uni\u00f3n pol\u00edtica, algo que sea \u00fatil para el pa\u00eds, de todos los candidatos de centro, por qu\u00e9 no apoyar\u00bb, coment\u00f3.<\/span><\/p>\n<p><span class=\"text1noticias\"> <\/span><\/p>\n<p><span class=\"text1noticias\">     Con relaci\u00f3n a la econom\u00eda brasile\u00f1a, el presidente dijo que el pa\u00eds \u00abse est\u00e1 recuperando poco a poco\u00bb, despu\u00e9s de pasar la peor recesi\u00f3n de su historia.<\/span><\/p>\n<p><span class=\"text1noticias\"> <\/span><\/p>\n<p><span class=\"text1noticias\">     \u00abLa previsi\u00f3n es que (la econom\u00eda) crezca este a\u00f1o entre un 2,5 y un 3 por ciento; se habla de un 2,75 por ciento\u00bb, coment\u00f3 el president<\/span>e brasile\u00f1o. <\/p>\n<h6> 2018-05-07 13:42:33 <\/h6>\n<p><!--\n<link rel=\"stylesheet\" href=\"css\/bootstrap.min.css\">\n\n\n<ul class=\"pagination\">\n\t    \n\t\n\n<li >\n\t<a href='?page_no=10345'>Previous<\/a>\n\t<\/li>\n\n\n       \n    \n\n<li><a href='?page_no=1'>1<\/a><\/li>\n\n\n\n<li><a href='?page_no=2'>2<\/a><\/li>\n\n\n\n<li><a>...<\/a><\/li>\n\n\n\n<li><a href='?page_no=10344'>10344<\/a><\/li>\n\n\n\n<li><a href='?page_no=10345'>10345<\/a><\/li>\n\n\n\n<li class='active'><a>10346<\/a><\/li>\n\n\n\n<li><a href='?page_no=10347'>10347<\/a><\/li>\n\n\n\n<li><a href='?page_no=10348'>10348<\/a><\/li>\n\n\n\n<li><a>...<\/a><\/li>\n\n\n\n<li><a href='?page_no=51012'>51012<\/a><\/li>\n\n\n\n<li><a href='?page_no=51013'>51013<\/a><\/li>\n\n    \n\t\n\n<li >\n\t<a href='?page_no=10347'>Next<\/a>\n\t<\/li>\n\n\n    \n\n<li><a href='?page_no=51013'>Last &rsaquo;&rsaquo;<\/a><\/li>\n\n<\/ul>\n\n\n--><br \/>\n<\/body><\/p>\n","protected":false},"excerpt":{"rendered":"<p>RIO DE JANEIRO, 7 may (Xinhua) &#8212; El presidente de Brasil, Michel Temer, neg\u00f3 hoy lunes que su hija Maristela hubiera reformado su residencia con dinero il\u00edcito procedente de supuestos sobornos cobrados por el mandatario. \u00abFue una reforma regularmente pagada, regularmente esclarecida. No tengo los datos de la declaraci\u00f3n que (Maristela) prest\u00f3, pero supe que [&hellip;]<\/p>\n","protected":false},"author":3,"featured_media":0,"comment_status":"open","ping_status":"open","sticky":false,"template":"","format":"standard","meta":{"footnotes":""},"categories":[23],"tags":[],"class_list":["post-230656","post","type-post","status-publish","format-standard","hentry","category-internacional"],"_links":{"self":[{"href":"https:\/\/diariodominicano.com\/index.php?rest_route=\/wp\/v2\/posts\/230656","targetHints":{"allow":["GET"]}}],"collection":[{"href":"https:\/\/diariodominicano.com\/index.php?rest_route=\/wp\/v2\/posts"}],"about":[{"href":"https:\/\/diariodominicano.com\/index.php?rest_route=\/wp\/v2\/types\/post"}],"author":[{"embeddable":true,"href":"https:\/\/diariodominicano.com\/index.php?rest_route=\/wp\/v2\/users\/3"}],"replies":[{"embeddable":true,"href":"https:\/\/diariodominicano.com\/index.php?rest_route=%2Fwp%2Fv2%2Fcomments&post=230656"}],"version-history":[{"count":0,"href":"https:\/\/diariodominicano.com\/index.php?rest_route=\/wp\/v2\/posts\/230656\/revisions"}],"wp:attachment":[{"href":"https:\/\/diariodominicano.com\/index.php?rest_route=%2Fwp%2Fv2%2Fmedia&parent=230656"}],"wp:term":[{"taxonomy":"category","embeddable":true,"href":"https:\/\/diariodominicano.com\/index.php?rest_route=%2Fwp%2Fv2%2Fcategories&post=230656"},{"taxonomy":"post_tag","embeddable":true,"href":"https:\/\/diariodominicano.com\/index.php?rest_route=%2Fwp%2Fv2%2Ftags&post=230656"}],"curies":[{"name":"wp","href":"https:\/\/api.w.org\/{rel}","templated":true}]}}