{"id":230654,"date":"2018-05-07T13:56:27","date_gmt":"2018-05-07T13:56:27","guid":{"rendered":"http:\/\/diariodominicano.ddns.net\/?p=230654"},"modified":"2018-05-07T13:56:27","modified_gmt":"2018-05-07T13:56:27","slug":"allanan-viviendas-vinculadas-a-ex-presidente-peruano-humala","status":"publish","type":"post","link":"https:\/\/diariodominicano.com\/?p=230654","title":{"rendered":"Allanan viviendas vinculadas a ex presidente peruano Humala"},"content":{"rendered":"<p><body><\/p>\n<p><img decoding=\"async\" src=\"img3\/peruhumala.png\" \/>  <\/p>\n<p><span class=\"text1noticias\">    LIMA, 7 may (Xinhua) &#8212; La residencia del ex presidente de Per\u00fa Ollanta Humala (2011-2016), as\u00ed como otras cuatro viviendas vinculadas a \u00e9l, fueron allanadas hoy lunes por el Ministerio P\u00fablico, con apoyo de la Polic\u00eda Nacional (PN).<\/span><\/p>\n<p><span class=\"text1noticias\"> <\/span><\/p>\n<p><span class=\"text1noticias\">     El hecho se produce una semana despu\u00e9s de que Humala y su esposa, Nadine Heredia, fueran puestos en libertad con comparecencia restringida por el Tribunal de Garant\u00edas Constitucionales, tras haber estado recluidos desde julio pasado.<\/span><\/p>\n<p><span class=\"text1noticias\"> <\/span><\/p>\n<p><span class=\"text1noticias\">     Entre las viviendas intervenidas figuran la casa donde vive la pareja Humala-Heredia, en el distrito lime\u00f1o de Surco, as\u00ed como las ubicadas en distintos distritos de la Gran Lima, incluida otra a nombre de una persona cercana a ellos.<\/span><\/p>\n<p><span class=\"text1noticias\"> <\/span><\/p>\n<p><span class=\"text1noticias\">     La ex pareja presidencial es investigada por presuntos delitos de lavado de dinero y activos, as\u00ed como recibir supuestamente 3 millones de d\u00f3lares de la constructora brasile\u00f1a Odebrecht, adem\u00e1s otras sumas a\u00fan no esclarecidas en las campa\u00f1as presidenciales de 2006 y 2011.<\/span><\/p>\n<p><span class=\"text1noticias\"> <\/span><\/p>\n<p><span class=\"text1noticias\">     Desde que se presentaron las primeras denuncias, Humala ha negado haber recibido dinero il\u00edcito para financiar las campa\u00f1as y ha especificado que en caso de existir un aporte no declarado, ello no constituir\u00eda ning\u00fan delito de acuerdo a las normas electorales.<\/span><\/p>\n<p><span class=\"text1noticias\"> <\/span><\/p>\n<p><span class=\"text1noticias\">     En 2006, Humala fue candidato presidencial del partido Uni\u00f3n Por el Per\u00fa (UPP), pero perdi\u00f3 en segunda vuelta ante Alan Garc\u00eda, del Partido Aprista Peruano (P<\/span>AP).<\/p>\n<\/p>\n<p>     En 2011, Humala, asumi\u00f3 la presidencia de la Rep\u00fablica, tras vencer en segunda vuelta a Keiko Fujimori, de Fuerza Popular (FP). <\/p>\n<h6> 2018-05-07 13:56:27 <\/h6>\n<p><!--\n<link rel=\"stylesheet\" href=\"css\/bootstrap.min.css\">\n\n\n<ul class=\"pagination\">\n\t    \n\t\n\n<li >\n\t<a href='?page_no=10343'>Previous<\/a>\n\t<\/li>\n\n\n       \n    \n\n<li><a href='?page_no=1'>1<\/a><\/li>\n\n\n\n<li><a href='?page_no=2'>2<\/a><\/li>\n\n\n\n<li><a>...<\/a><\/li>\n\n\n\n<li><a href='?page_no=10342'>10342<\/a><\/li>\n\n\n\n<li><a href='?page_no=10343'>10343<\/a><\/li>\n\n\n\n<li class='active'><a>10344<\/a><\/li>\n\n\n\n<li><a href='?page_no=10345'>10345<\/a><\/li>\n\n\n\n<li><a href='?page_no=10346'>10346<\/a><\/li>\n\n\n\n<li><a>...<\/a><\/li>\n\n\n\n<li><a href='?page_no=51012'>51012<\/a><\/li>\n\n\n\n<li><a href='?page_no=51013'>51013<\/a><\/li>\n\n    \n\t\n\n<li >\n\t<a href='?page_no=10345'>Next<\/a>\n\t<\/li>\n\n\n    \n\n<li><a href='?page_no=51013'>Last &rsaquo;&rsaquo;<\/a><\/li>\n\n<\/ul>\n\n\n--><br \/>\n<\/body><\/p>\n","protected":false},"excerpt":{"rendered":"<p>LIMA, 7 may (Xinhua) &#8212; La residencia del ex presidente de Per\u00fa Ollanta Humala (2011-2016), as\u00ed como otras cuatro viviendas vinculadas a \u00e9l, fueron allanadas hoy lunes por el Ministerio P\u00fablico, con apoyo de la Polic\u00eda Nacional (PN). El hecho se produce una semana despu\u00e9s de que Humala y su esposa, Nadine Heredia, fueran puestos [&hellip;]<\/p>\n","protected":false},"author":3,"featured_media":0,"comment_status":"open","ping_status":"open","sticky":false,"template":"","format":"standard","meta":{"footnotes":""},"categories":[23],"tags":[],"class_list":["post-230654","post","type-post","status-publish","format-standard","hentry","category-internacional"],"_links":{"self":[{"href":"https:\/\/diariodominicano.com\/index.php?rest_route=\/wp\/v2\/posts\/230654","targetHints":{"allow":["GET"]}}],"collection":[{"href":"https:\/\/diariodominicano.com\/index.php?rest_route=\/wp\/v2\/posts"}],"about":[{"href":"https:\/\/diariodominicano.com\/index.php?rest_route=\/wp\/v2\/types\/post"}],"author":[{"embeddable":true,"href":"https:\/\/diariodominicano.com\/index.php?rest_route=\/wp\/v2\/users\/3"}],"replies":[{"embeddable":true,"href":"https:\/\/diariodominicano.com\/index.php?rest_route=%2Fwp%2Fv2%2Fcomments&post=230654"}],"version-history":[{"count":0,"href":"https:\/\/diariodominicano.com\/index.php?rest_route=\/wp\/v2\/posts\/230654\/revisions"}],"wp:attachment":[{"href":"https:\/\/diariodominicano.com\/index.php?rest_route=%2Fwp%2Fv2%2Fmedia&parent=230654"}],"wp:term":[{"taxonomy":"category","embeddable":true,"href":"https:\/\/diariodominicano.com\/index.php?rest_route=%2Fwp%2Fv2%2Fcategories&post=230654"},{"taxonomy":"post_tag","embeddable":true,"href":"https:\/\/diariodominicano.com\/index.php?rest_route=%2Fwp%2Fv2%2Ftags&post=230654"}],"curies":[{"name":"wp","href":"https:\/\/api.w.org\/{rel}","templated":true}]}}