{"id":230648,"date":"2018-05-08T12:39:03","date_gmt":"2018-05-08T12:39:03","guid":{"rendered":"http:\/\/diariodominicano.ddns.net\/?p=230648"},"modified":"2018-05-08T12:39:03","modified_gmt":"2018-05-08T12:39:03","slug":"macron-y-trump-conversan-por-telefono-sobre-medio-oriente-dice-presidencia-francesa","status":"publish","type":"post","link":"https:\/\/diariodominicano.com\/?p=230648","title":{"rendered":"Macron y Trump conversan por tel\u00e9fono sobre Medio Oriente, dice presidencia francesa"},"content":{"rendered":"<p><body><\/p>\n<p><span class=\"text1noticias\">     PARIS, 8 may (Xinhua) &#8212; La presidencia francesa inform\u00f3 hoy en un comunicado muy breve que el presidente de Francia, Emmanuel Macron, convers\u00f3 por tel\u00e9fono hoy con su hom\u00f3logo de Estados Unidos, Donald Trump, sobre asuntos relacionados con la paz y estabilidad en el Medio Oriente.<\/span><\/p>\n<p><span class=\"text1noticias\"> <\/span><\/p>\n<p><span class=\"text1noticias\">     \u00abLos dos presidentes mencionaron las cuestiones de paz y estabilidad en el Medio Oriente\u00bb, dijo el El\u00edseo.<\/span><\/p>\n<p><span class=\"text1noticias\"> <\/span><\/p>\n<p><span class=\"text1noticias\">     Trump planea anunciar horas m\u00e1s tarde su decisi\u00f3n sobre el acuerdo nuclear iran\u00ed.<\/span><\/p>\n<p><span class=\"text1noticias\"> <\/span><\/p>\n<p><span class=\"text1noticias\">     Durante la conversaci\u00f3n, Macron reiter\u00f3 en diversas ocasiones su compromiso con la importancia de este acuerdo, pero tambi\u00e9n dijo que el acuerdo necesita ser perfeccionad<\/span>o. <\/p>\n<h6> 2018-05-08 12:39:03 <\/h6>\n<p><!--\n<link rel=\"stylesheet\" href=\"css\/bootstrap.min.css\">\n\n\n<ul class=\"pagination\">\n\t    \n\t\n\n<li >\n\t<a href='?page_no=10338'>Previous<\/a>\n\t<\/li>\n\n\n       \n    \n\n<li><a href='?page_no=1'>1<\/a><\/li>\n\n\n\n<li><a href='?page_no=2'>2<\/a><\/li>\n\n\n\n<li><a>...<\/a><\/li>\n\n\n\n<li><a href='?page_no=10337'>10337<\/a><\/li>\n\n\n\n<li><a href='?page_no=10338'>10338<\/a><\/li>\n\n\n\n<li class='active'><a>10339<\/a><\/li>\n\n\n\n<li><a href='?page_no=10340'>10340<\/a><\/li>\n\n\n\n<li><a href='?page_no=10341'>10341<\/a><\/li>\n\n\n\n<li><a>...<\/a><\/li>\n\n\n\n<li><a href='?page_no=51012'>51012<\/a><\/li>\n\n\n\n<li><a href='?page_no=51013'>51013<\/a><\/li>\n\n    \n\t\n\n<li >\n\t<a href='?page_no=10340'>Next<\/a>\n\t<\/li>\n\n\n    \n\n<li><a href='?page_no=51013'>Last &rsaquo;&rsaquo;<\/a><\/li>\n\n<\/ul>\n\n\n--><br \/>\n<\/body><\/p>\n","protected":false},"excerpt":{"rendered":"<p>PARIS, 8 may (Xinhua) &#8212; La presidencia francesa inform\u00f3 hoy en un comunicado muy breve que el presidente de Francia, Emmanuel Macron, convers\u00f3 por tel\u00e9fono hoy con su hom\u00f3logo de Estados Unidos, Donald Trump, sobre asuntos relacionados con la paz y estabilidad en el Medio Oriente. \u00abLos dos presidentes mencionaron las cuestiones de paz y [&hellip;]<\/p>\n","protected":false},"author":3,"featured_media":0,"comment_status":"open","ping_status":"open","sticky":false,"template":"","format":"standard","meta":{"footnotes":""},"categories":[23],"tags":[],"class_list":["post-230648","post","type-post","status-publish","format-standard","hentry","category-internacional"],"_links":{"self":[{"href":"https:\/\/diariodominicano.com\/index.php?rest_route=\/wp\/v2\/posts\/230648","targetHints":{"allow":["GET"]}}],"collection":[{"href":"https:\/\/diariodominicano.com\/index.php?rest_route=\/wp\/v2\/posts"}],"about":[{"href":"https:\/\/diariodominicano.com\/index.php?rest_route=\/wp\/v2\/types\/post"}],"author":[{"embeddable":true,"href":"https:\/\/diariodominicano.com\/index.php?rest_route=\/wp\/v2\/users\/3"}],"replies":[{"embeddable":true,"href":"https:\/\/diariodominicano.com\/index.php?rest_route=%2Fwp%2Fv2%2Fcomments&post=230648"}],"version-history":[{"count":0,"href":"https:\/\/diariodominicano.com\/index.php?rest_route=\/wp\/v2\/posts\/230648\/revisions"}],"wp:attachment":[{"href":"https:\/\/diariodominicano.com\/index.php?rest_route=%2Fwp%2Fv2%2Fmedia&parent=230648"}],"wp:term":[{"taxonomy":"category","embeddable":true,"href":"https:\/\/diariodominicano.com\/index.php?rest_route=%2Fwp%2Fv2%2Fcategories&post=230648"},{"taxonomy":"post_tag","embeddable":true,"href":"https:\/\/diariodominicano.com\/index.php?rest_route=%2Fwp%2Fv2%2Ftags&post=230648"}],"curies":[{"name":"wp","href":"https:\/\/api.w.org\/{rel}","templated":true}]}}