{"id":230645,"date":"2018-05-08T13:06:33","date_gmt":"2018-05-08T13:06:33","guid":{"rendered":"http:\/\/diariodominicano.ddns.net\/?p=230645"},"modified":"2018-05-08T13:06:33","modified_gmt":"2018-05-08T13:06:33","slug":"putin-nombra-a-medvedev-como-primer-ministro-de-rusia-para-nuevo-mandato","status":"publish","type":"post","link":"https:\/\/diariodominicano.com\/?p=230645","title":{"rendered":"Putin nombra a Medvedev como primer ministro de Rusia para nuevo mandato"},"content":{"rendered":"<p><body><\/p>\n<p><img decoding=\"async\" src=\"img3\/DimitriPutin8.jpg\" \/>  <\/p>\n<p><span class=\"text1noticias\">     MOSCU, 8 may (Xinhua) &#8212; El presidente de Rusia, Vladimir Putin, firm\u00f3 hoy un decreto a trav\u00e9s del cual nombra a Dmitry Medvedev como jefe de gobierno luego de la aprobaci\u00f3n parlamentaria.<\/span><\/p>\n<p><span class=\"text1noticias\"> <\/span><\/p>\n<p><span class=\"text1noticias\">     Esta ma\u00f1ana, 374 diputados de los 430 presentes en la Duma Estatal, la c\u00e1mara baja del Parlamento de Rusia, votaron a favor del nombramiento de Medvedev como primer ministro; 56 votaron en contra.<\/span><\/p>\n<p><span class=\"text1noticias\"> <\/span><\/p>\n<p><span class=\"text1noticias\">     El gobernante Partido Rusia Unida tiene 339 esca\u00f1os, equivalente a 75,3 por ciento de la c\u00e1mara de 450 esca\u00f1os.<\/span><\/p>\n<p><span class=\"text1noticias\"> <\/span><\/p>\n<p><span class=\"text1noticias\">     Medvedev, de 52 a\u00f1os de edad, quien tambi\u00e9n es presidente del Partido Rusia Unida, asumi\u00f3 el cargo en 2012.<\/span><\/p>\n<p><span class=\"text1noticias\"> <\/span><\/p>\n<p><span class=\"text1noticias\">     Su gobierno renunci\u00f3 el lunes luego de que Putin prestara juramento como mandatario para iniciar su cuarto mandato.<\/span><\/p>\n<p><span class=\"text1noticias\"> <\/span><\/p>\n<p><span class=\"text1noticias\">     Despu\u00e9s de su investidura, Putin propuso que Medvedev continuara desempe\u00f1\u00e1ndose como primer ministro.<\/span><\/p>\n<p><span class=\"text1noticias\"> <\/span><\/p>\n<p><span class=\"text1noticias\">     Putin compareci\u00f3 hoy en la Duma Estatal para solicitar el apoyo de los diputados a su propuesta.<\/span><\/p>\n<p><span class=\"text1noticias\"> <\/span><\/p>\n<p><span class=\"text1noticias\">     El lunes, Putin firm\u00f3 un decreto para la hoja de ruta de Rusia sobre el desarrollo estrat\u00e9gico del pa\u00eds hasta 2024 que establece objetivos en una serie de esferas, incluyendo crecimiento econ\u00f3mico y progreso tecnol\u00f3gico.<\/span><\/p>\n<p><span class=\"text1noticias\"> <\/span><\/p>\n<p><span class=\"text1noticias\">     Putin dijo al Parlamento que Medvedev y algunos miembros de su gobierno han trabajado en el programa durante m\u00e1s de un a\u00f1o.<\/span><\/p>\n<p><span class=\"text1noticias\"> <\/span><\/p>\n<p><span class=\"text1noticias\">     \u00abConsidero muy l\u00f3gico que este equipo sea el que ejecute esos planes\u00bb, expres\u00f3<\/span> Putin.  <\/p>\n<h6> 2018-05-08 13:06:33 <\/h6>\n<p><!--\n<link rel=\"stylesheet\" href=\"css\/bootstrap.min.css\">\n\n\n<ul class=\"pagination\">\n\t    \n\t\n\n<li >\n\t<a href='?page_no=10335'>Previous<\/a>\n\t<\/li>\n\n\n       \n    \n\n<li><a href='?page_no=1'>1<\/a><\/li>\n\n\n\n<li><a href='?page_no=2'>2<\/a><\/li>\n\n\n\n<li><a>...<\/a><\/li>\n\n\n\n<li><a href='?page_no=10334'>10334<\/a><\/li>\n\n\n\n<li><a href='?page_no=10335'>10335<\/a><\/li>\n\n\n\n<li class='active'><a>10336<\/a><\/li>\n\n\n\n<li><a href='?page_no=10337'>10337<\/a><\/li>\n\n\n\n<li><a href='?page_no=10338'>10338<\/a><\/li>\n\n\n\n<li><a>...<\/a><\/li>\n\n\n\n<li><a href='?page_no=51012'>51012<\/a><\/li>\n\n\n\n<li><a href='?page_no=51013'>51013<\/a><\/li>\n\n    \n\t\n\n<li >\n\t<a href='?page_no=10337'>Next<\/a>\n\t<\/li>\n\n\n    \n\n<li><a href='?page_no=51013'>Last &rsaquo;&rsaquo;<\/a><\/li>\n\n<\/ul>\n\n\n--><br \/>\n<\/body><\/p>\n","protected":false},"excerpt":{"rendered":"<p>MOSCU, 8 may (Xinhua) &#8212; El presidente de Rusia, Vladimir Putin, firm\u00f3 hoy un decreto a trav\u00e9s del cual nombra a Dmitry Medvedev como jefe de gobierno luego de la aprobaci\u00f3n parlamentaria. Esta ma\u00f1ana, 374 diputados de los 430 presentes en la Duma Estatal, la c\u00e1mara baja del Parlamento de Rusia, votaron a favor del [&hellip;]<\/p>\n","protected":false},"author":3,"featured_media":0,"comment_status":"open","ping_status":"open","sticky":false,"template":"","format":"standard","meta":{"footnotes":""},"categories":[23],"tags":[],"class_list":["post-230645","post","type-post","status-publish","format-standard","hentry","category-internacional"],"_links":{"self":[{"href":"https:\/\/diariodominicano.com\/index.php?rest_route=\/wp\/v2\/posts\/230645","targetHints":{"allow":["GET"]}}],"collection":[{"href":"https:\/\/diariodominicano.com\/index.php?rest_route=\/wp\/v2\/posts"}],"about":[{"href":"https:\/\/diariodominicano.com\/index.php?rest_route=\/wp\/v2\/types\/post"}],"author":[{"embeddable":true,"href":"https:\/\/diariodominicano.com\/index.php?rest_route=\/wp\/v2\/users\/3"}],"replies":[{"embeddable":true,"href":"https:\/\/diariodominicano.com\/index.php?rest_route=%2Fwp%2Fv2%2Fcomments&post=230645"}],"version-history":[{"count":0,"href":"https:\/\/diariodominicano.com\/index.php?rest_route=\/wp\/v2\/posts\/230645\/revisions"}],"wp:attachment":[{"href":"https:\/\/diariodominicano.com\/index.php?rest_route=%2Fwp%2Fv2%2Fmedia&parent=230645"}],"wp:term":[{"taxonomy":"category","embeddable":true,"href":"https:\/\/diariodominicano.com\/index.php?rest_route=%2Fwp%2Fv2%2Fcategories&post=230645"},{"taxonomy":"post_tag","embeddable":true,"href":"https:\/\/diariodominicano.com\/index.php?rest_route=%2Fwp%2Fv2%2Ftags&post=230645"}],"curies":[{"name":"wp","href":"https:\/\/api.w.org\/{rel}","templated":true}]}}