{"id":230642,"date":"2018-05-08T13:29:58","date_gmt":"2018-05-08T13:29:58","guid":{"rendered":"http:\/\/diariodominicano.ddns.net\/?p=230642"},"modified":"2018-05-08T13:29:58","modified_gmt":"2018-05-08T13:29:58","slug":"presidente-frances-encabeza-ceremonia-de-conmemoracion-de-segunda-guerra-mundial","status":"publish","type":"post","link":"https:\/\/diariodominicano.com\/?p=230642","title":{"rendered":"Presidente franc\u00e9s encabeza ceremonia de conmemoraci\u00f3n de Segunda Guerra Mundial"},"content":{"rendered":"<p><body><\/p>\n<p><span class=\"text1noticias\">     PARIS, 8 may (Xinhua) &#8212; El presidente de Francia, Emmanuel Macron, encabez\u00f3 hoy en Par\u00eds una ceremonia en el ic\u00f3nico Arco del Triunfo para conmemorar el aniversario del fin de la Segunda Guerra Mundial.<\/span><\/p>\n<p><span class=\"text1noticias\"> <\/span><\/p>\n<p><span class=\"text1noticias\">     El jefe de Estado m\u00e1s joven de Francia desde Napole\u00f3n Bonaparte en 1804 llev\u00f3 a cabo su primera celebraci\u00f3n conmemorativa del d\u00eda en que el ej\u00e9rcito alem\u00e1n se rindi\u00f3 el 8 de mayo de 1945, al depositar una guirnalda en la estatua de Charles de Gaulle, el presidente y l\u00edder del gobierno franc\u00e9s en el exilio durante la Segunda Guerra Mundial.<\/span><\/p>\n<p><span class=\"text1noticias\"> <\/span><\/p>\n<p><span class=\"text1noticias\">     Acompa\u00f1ado por el primer ministro Edouard Philippe y la ministra de Defensa, Florence Parly, Macron guard\u00f3 un minuto de silencio antes de entonar el himno nacional de Francia.<\/span><\/p>\n<p><span class=\"text1noticias\"> <\/span><\/p>\n<p><span class=\"text1noticias\">     El presidente tambi\u00e9n deposit\u00f3 una segunda guirnalda en la Tumba del Soldado Desconocido antes de caminar por la avenida de los Campos El\u00edseos.<\/span><\/p>\n<p><span class=\"text1noticias\"> <\/span><\/p>\n<p><span class=\"text1noticias\">     En las im\u00e1genes de televisi\u00f3n, Macron aparec\u00eda sonriendo mientras se tomaba fotograf\u00edas con j\u00f3venes estudiantes y representantes de asociaciones invitados a la oficina de la presidencia.<\/span><\/p>\n<p><span class=\"text1noticias\"> <\/span><\/p>\n<p><span class=\"text1noticias\">     Criticado por su estilo de gobierno y arrogancia, el ex banquero de inversi\u00f3n de 40 a\u00f1os de edad lanz\u00f3 una ofensiva de medios de comunicaci\u00f3n para aparecer como un presidente de todos.<\/span><\/p>\n<p><span class=\"text1noticias\"> <\/span><\/p>\n<p><span class=\"text1noticias\">     De acuerdo con una encuesta reciente de BVA, menos de una tercera parte de los entrevistados cree que sea un presidente cercano al pueblo fra<\/span>nc\u00e9s. <\/p>\n<h6> 2018-05-08 13:29:58 <\/h6>\n<p><!--\n<link rel=\"stylesheet\" href=\"css\/bootstrap.min.css\">\n\n\n<ul class=\"pagination\">\n\t    \n\t\n\n<li >\n\t<a href='?page_no=10332'>Previous<\/a>\n\t<\/li>\n\n\n       \n    \n\n<li><a href='?page_no=1'>1<\/a><\/li>\n\n\n\n<li><a href='?page_no=2'>2<\/a><\/li>\n\n\n\n<li><a>...<\/a><\/li>\n\n\n\n<li><a href='?page_no=10331'>10331<\/a><\/li>\n\n\n\n<li><a href='?page_no=10332'>10332<\/a><\/li>\n\n\n\n<li class='active'><a>10333<\/a><\/li>\n\n\n\n<li><a href='?page_no=10334'>10334<\/a><\/li>\n\n\n\n<li><a href='?page_no=10335'>10335<\/a><\/li>\n\n\n\n<li><a>...<\/a><\/li>\n\n\n\n<li><a href='?page_no=51012'>51012<\/a><\/li>\n\n\n\n<li><a href='?page_no=51013'>51013<\/a><\/li>\n\n    \n\t\n\n<li >\n\t<a href='?page_no=10334'>Next<\/a>\n\t<\/li>\n\n\n    \n\n<li><a href='?page_no=51013'>Last &rsaquo;&rsaquo;<\/a><\/li>\n\n<\/ul>\n\n\n--><br \/>\n<\/body><\/p>\n","protected":false},"excerpt":{"rendered":"<p>PARIS, 8 may (Xinhua) &#8212; El presidente de Francia, Emmanuel Macron, encabez\u00f3 hoy en Par\u00eds una ceremonia en el ic\u00f3nico Arco del Triunfo para conmemorar el aniversario del fin de la Segunda Guerra Mundial. El jefe de Estado m\u00e1s joven de Francia desde Napole\u00f3n Bonaparte en 1804 llev\u00f3 a cabo su primera celebraci\u00f3n conmemorativa del [&hellip;]<\/p>\n","protected":false},"author":3,"featured_media":0,"comment_status":"open","ping_status":"open","sticky":false,"template":"","format":"standard","meta":{"footnotes":""},"categories":[23],"tags":[],"class_list":["post-230642","post","type-post","status-publish","format-standard","hentry","category-internacional"],"_links":{"self":[{"href":"https:\/\/diariodominicano.com\/index.php?rest_route=\/wp\/v2\/posts\/230642","targetHints":{"allow":["GET"]}}],"collection":[{"href":"https:\/\/diariodominicano.com\/index.php?rest_route=\/wp\/v2\/posts"}],"about":[{"href":"https:\/\/diariodominicano.com\/index.php?rest_route=\/wp\/v2\/types\/post"}],"author":[{"embeddable":true,"href":"https:\/\/diariodominicano.com\/index.php?rest_route=\/wp\/v2\/users\/3"}],"replies":[{"embeddable":true,"href":"https:\/\/diariodominicano.com\/index.php?rest_route=%2Fwp%2Fv2%2Fcomments&post=230642"}],"version-history":[{"count":0,"href":"https:\/\/diariodominicano.com\/index.php?rest_route=\/wp\/v2\/posts\/230642\/revisions"}],"wp:attachment":[{"href":"https:\/\/diariodominicano.com\/index.php?rest_route=%2Fwp%2Fv2%2Fmedia&parent=230642"}],"wp:term":[{"taxonomy":"category","embeddable":true,"href":"https:\/\/diariodominicano.com\/index.php?rest_route=%2Fwp%2Fv2%2Fcategories&post=230642"},{"taxonomy":"post_tag","embeddable":true,"href":"https:\/\/diariodominicano.com\/index.php?rest_route=%2Fwp%2Fv2%2Ftags&post=230642"}],"curies":[{"name":"wp","href":"https:\/\/api.w.org\/{rel}","templated":true}]}}