{"id":230641,"date":"2018-05-08T13:34:48","date_gmt":"2018-05-08T13:34:48","guid":{"rendered":"http:\/\/diariodominicano.ddns.net\/?p=230641"},"modified":"2018-05-08T13:34:48","modified_gmt":"2018-05-08T13:34:48","slug":"candidatos-venezolanos-falcon-y-ratti-unifican-candidatura","status":"publish","type":"post","link":"https:\/\/diariodominicano.com\/?p=230641","title":{"rendered":"Candidatos venezolanos Falc\u00f3n y Ratti unifican candidatura"},"content":{"rendered":"<p><body><\/p>\n<p>Caracas, 8 may (PL) El aspirante opositor a la presidencia de Venezuela, Luis Alejandro Ratti abandon\u00f3 hoy la carrera electoral para favorecer la candidatura de su hom\u00f3logo Henri Falc\u00f3n, rumbo a las elecciones del 20 de mayo.<\/p>\n<\/p>\n<p>Durante una rueda de prensa conjunta, el candidato independiente calific\u00f3 el acto &#8216;como una consolidaci\u00f3n de la unidad opositora&#8217;.<\/p>\n<\/p>\n<p>Reconoci\u00f3 que dentro de los postulados presidenciales, Falc\u00f3n, abanderado por Avanzada Progresista, Movimiento Al Socialismo y el Comit\u00e9 de Organizaci\u00f3n Pol\u00edtica Electoral Independiente (Copei) &#8216;tiene la primera opci\u00f3n&#8217; para enfrentar al candidato del Frente Amplio de la Patria, Nicol\u00e1s Maduro.<\/p>\n<\/p>\n<p>Las propuestas presentadas por Ratti en su candidatura eran liberar el control de cambio, pero no dolarizar la econom\u00eda, e impulsar la inversi\u00f3n privada y extranjera.<\/p>\n<\/p>\n<p>Sin embargo, Falc\u00f3n s\u00ed propone dolarizar la econom\u00eda y pretende establecer una Ley de Hacienda P\u00fablica Estadal, entre otras proyecciones.<\/p>\n<\/p>\n<p>Con esta decisi\u00f3n Falc\u00f3n contender\u00e1 en las elecciones presidenciales con el representante del Frente Amplio de la Patria, Nicol\u00e1s Maduro; el candidato del grupo de electores Esperanza por el Cambio, Javier Bertucci; y con Reinaldo Quijada, del partido Unidad Pol\u00edtica Popular 89 (UPP89).<\/p>\n<h6> 2018-05-08 13:34:48 <\/h6>\n<p><!--\n<link rel=\"stylesheet\" href=\"css\/bootstrap.min.css\">\n\n\n<ul class=\"pagination\">\n\t    \n\t\n\n<li >\n\t<a href='?page_no=10331'>Previous<\/a>\n\t<\/li>\n\n\n       \n    \n\n<li><a href='?page_no=1'>1<\/a><\/li>\n\n\n\n<li><a href='?page_no=2'>2<\/a><\/li>\n\n\n\n<li><a>...<\/a><\/li>\n\n\n\n<li><a href='?page_no=10330'>10330<\/a><\/li>\n\n\n\n<li><a href='?page_no=10331'>10331<\/a><\/li>\n\n\n\n<li class='active'><a>10332<\/a><\/li>\n\n\n\n<li><a href='?page_no=10333'>10333<\/a><\/li>\n\n\n\n<li><a href='?page_no=10334'>10334<\/a><\/li>\n\n\n\n<li><a>...<\/a><\/li>\n\n\n\n<li><a href='?page_no=51012'>51012<\/a><\/li>\n\n\n\n<li><a href='?page_no=51013'>51013<\/a><\/li>\n\n    \n\t\n\n<li >\n\t<a href='?page_no=10333'>Next<\/a>\n\t<\/li>\n\n\n    \n\n<li><a href='?page_no=51013'>Last &rsaquo;&rsaquo;<\/a><\/li>\n\n<\/ul>\n\n\n--><br \/>\n<\/body><\/p>\n","protected":false},"excerpt":{"rendered":"<p>Caracas, 8 may (PL) El aspirante opositor a la presidencia de Venezuela, Luis Alejandro Ratti abandon\u00f3 hoy la carrera electoral para favorecer la candidatura de su hom\u00f3logo Henri Falc\u00f3n, rumbo a las elecciones del 20 de mayo. Durante una rueda de prensa conjunta, el candidato independiente calific\u00f3 el acto &#8216;como una consolidaci\u00f3n de la unidad [&hellip;]<\/p>\n","protected":false},"author":3,"featured_media":0,"comment_status":"open","ping_status":"open","sticky":false,"template":"","format":"standard","meta":{"footnotes":""},"categories":[23],"tags":[],"class_list":["post-230641","post","type-post","status-publish","format-standard","hentry","category-internacional"],"_links":{"self":[{"href":"https:\/\/diariodominicano.com\/index.php?rest_route=\/wp\/v2\/posts\/230641","targetHints":{"allow":["GET"]}}],"collection":[{"href":"https:\/\/diariodominicano.com\/index.php?rest_route=\/wp\/v2\/posts"}],"about":[{"href":"https:\/\/diariodominicano.com\/index.php?rest_route=\/wp\/v2\/types\/post"}],"author":[{"embeddable":true,"href":"https:\/\/diariodominicano.com\/index.php?rest_route=\/wp\/v2\/users\/3"}],"replies":[{"embeddable":true,"href":"https:\/\/diariodominicano.com\/index.php?rest_route=%2Fwp%2Fv2%2Fcomments&post=230641"}],"version-history":[{"count":0,"href":"https:\/\/diariodominicano.com\/index.php?rest_route=\/wp\/v2\/posts\/230641\/revisions"}],"wp:attachment":[{"href":"https:\/\/diariodominicano.com\/index.php?rest_route=%2Fwp%2Fv2%2Fmedia&parent=230641"}],"wp:term":[{"taxonomy":"category","embeddable":true,"href":"https:\/\/diariodominicano.com\/index.php?rest_route=%2Fwp%2Fv2%2Fcategories&post=230641"},{"taxonomy":"post_tag","embeddable":true,"href":"https:\/\/diariodominicano.com\/index.php?rest_route=%2Fwp%2Fv2%2Ftags&post=230641"}],"curies":[{"name":"wp","href":"https:\/\/api.w.org\/{rel}","templated":true}]}}