{"id":230636,"date":"2018-05-09T01:47:28","date_gmt":"2018-05-09T01:47:28","guid":{"rendered":"http:\/\/diariodominicano.ddns.net\/?p=230636"},"modified":"2018-05-09T01:47:28","modified_gmt":"2018-05-09T01:47:28","slug":"carlos-alvarado-es-juramentado-como-presidente-de-costa-rica","status":"publish","type":"post","link":"https:\/\/diariodominicano.com\/?p=230636","title":{"rendered":"Carlos Alvarado es juramentado como presidente de Costa Rica"},"content":{"rendered":"<p><body><\/p>\n<p><img decoding=\"async\" src=\"img3\/137164830_15258270945821n.jpg\" \/>  <\/p>\n<p><strong>Carlos Alvarado (i-frente), acompa\u00f1ado por su esposa, Claudia Dobles (d-frente), en presencia del presidente Luis Guillermo Solis (d-atr\u00e1s), saluda durante su ceremonia de juramentaci\u00f3n, en la Plaza de la Democracia, en San Jos\u00e9, capital de Costa Rica, el 8 de mayo de 2018. Carlos Alvarado Quesada, de 38 a\u00f1os, fue juramentado el martes como el nuevo presidente de Costa Rica para el periodo de gobierno 2018-2022, en un acto celebrado en la Plaza de la Democracia en la ciudad de San Jos\u00e9. Alvarado, quien result\u00f3 vencedor en la segunda ronda electoral realizada el 1 de abril pasado en Costa Rica, recibi\u00f3 la banda presidencial que hasta hoy sostuvo Luis Guillermo Sol\u00eds y que le fue colocada por la presidenta de la Asamblea Legislativa, Carolina Hidalgo. (Xinhua\/Kent Gilbert)<\/strong><\/p>\n<\/p>\n<p><strong>SAN JOSE, 8 may (Xinhua) &#8212;<\/strong> Carlos Alvarado Quesada, de 38 a\u00f1os, fue juramentado hoy martes como el nuevo presidente de Costa Rica para el periodo de gobierno 2018-2022, en un acto celebrado en la Plaza de la Democracia en la ciudad de San Jos\u00e9.<\/p>\n<\/p>\n<p>Alvarado, quien result\u00f3 vencedor en la segunda ronda electoral realizada el 1 de abril pasado en Costa Rica, recibi\u00f3 la banda presidencial que hasta hoy sostuvo Luis Guillermo Sol\u00eds y que le fue colocada por la presidenta de la Asamblea Legislativa, Carolina Hidalgo.<\/p>\n<\/p>\n<p>Tras ser juramentado, Alvarado dirigi\u00f3 un discurso en el que destac\u00f3 los retos que tiene el pa\u00eds para los pr\u00f3ximos cuatro a\u00f1os, sobre todo en el 2021, a\u00f1o en el que se celebrar\u00e1 el bicentenario de la independencia del pa\u00eds centroamericano.<\/p>\n<\/p>\n<p>\u00abLes convido a trabajar para recobrar la capacidad de creer en nosotros mismos y en lo que podemos lograr. Tenemos la obligaci\u00f3n \u00e9tica e hist\u00f3rica de ser consistentes con nuestro legado de paz, democracia y de respeto al ambiente\u00bb, afirm\u00f3 Alvarado.<\/p>\n<\/p>\n<p>Mencion\u00f3 que aspira a lograr importantes mejoras en educaci\u00f3n y salud, adem\u00e1s de acelerar la ejecuci\u00f3n de obra p\u00fablica y atender sobre todo, el creciente d\u00e9ficit fiscal del pa\u00eds.<\/p>\n<\/p>\n<p>\u00abNuestro gobierno se ha propuesto a llevar el d\u00e9ficit de su situaci\u00f3n actual, en la que excede un 6,2 por ciento del PIB (Producto Interno Bruto), a un 3 por ciento para cuando finalice el mandato\u00bb, afirm\u00f3.<\/p>\n<\/p>\n<p>Llam\u00f3 a los diputados de la Asamblea Legislativa a que revisen y tramiten con prontitud el proyecto de ley de la reforma fiscal.<\/p>\n<\/p>\n<p>Se comprometi\u00f3 tambi\u00e9n a luchar contra la evasi\u00f3n, el contrabando y a cobrar mejor los impuestos, as\u00ed como hacer un uso m\u00e1s eficiente de los recursos p\u00fablicos.<\/p>\n<\/p>\n<p>\u00abBajo el l\u00edmpido azul de nuestro cielo cabemos todas las personas y por eso el gobierno del bicentenario es plural. Nace de un acuerdo de gobierno nacional y aspira a sustentarse en el di\u00e1logo, en la construcci\u00f3n de entendimientos, en la buena voluntad para responder unidos a las justas aspiraciones de toda la ciudadan\u00eda\u00bb, afirm\u00f3.<\/p>\n<\/p>\n<h6> 2018-05-09 01:47:28 <\/h6>\n<p><!--\n<link rel=\"stylesheet\" href=\"css\/bootstrap.min.css\">\n\n\n<ul class=\"pagination\">\n\t    \n\t\n\n<li >\n\t<a href='?page_no=10327'>Previous<\/a>\n\t<\/li>\n\n\n       \n    \n\n<li><a href='?page_no=1'>1<\/a><\/li>\n\n\n\n<li><a href='?page_no=2'>2<\/a><\/li>\n\n\n\n<li><a>...<\/a><\/li>\n\n\n\n<li><a href='?page_no=10326'>10326<\/a><\/li>\n\n\n\n<li><a href='?page_no=10327'>10327<\/a><\/li>\n\n\n\n<li class='active'><a>10328<\/a><\/li>\n\n\n\n<li><a href='?page_no=10329'>10329<\/a><\/li>\n\n\n\n<li><a href='?page_no=10330'>10330<\/a><\/li>\n\n\n\n<li><a>...<\/a><\/li>\n\n\n\n<li><a href='?page_no=51012'>51012<\/a><\/li>\n\n\n\n<li><a href='?page_no=51013'>51013<\/a><\/li>\n\n    \n\t\n\n<li >\n\t<a href='?page_no=10329'>Next<\/a>\n\t<\/li>\n\n\n    \n\n<li><a href='?page_no=51013'>Last &rsaquo;&rsaquo;<\/a><\/li>\n\n<\/ul>\n\n\n--><br \/>\n<\/body><\/p>\n","protected":false},"excerpt":{"rendered":"<p>Carlos Alvarado (i-frente), acompa\u00f1ado por su esposa, Claudia Dobles (d-frente), en presencia del presidente Luis Guillermo Solis (d-atr\u00e1s), saluda durante su ceremonia de juramentaci\u00f3n, en la Plaza de la Democracia, en San Jos\u00e9, capital de Costa Rica, el 8 de mayo de 2018. Carlos Alvarado Quesada, de 38 a\u00f1os, fue juramentado el martes como el [&hellip;]<\/p>\n","protected":false},"author":3,"featured_media":0,"comment_status":"open","ping_status":"open","sticky":false,"template":"","format":"standard","meta":{"footnotes":""},"categories":[23],"tags":[],"class_list":["post-230636","post","type-post","status-publish","format-standard","hentry","category-internacional"],"_links":{"self":[{"href":"https:\/\/diariodominicano.com\/index.php?rest_route=\/wp\/v2\/posts\/230636","targetHints":{"allow":["GET"]}}],"collection":[{"href":"https:\/\/diariodominicano.com\/index.php?rest_route=\/wp\/v2\/posts"}],"about":[{"href":"https:\/\/diariodominicano.com\/index.php?rest_route=\/wp\/v2\/types\/post"}],"author":[{"embeddable":true,"href":"https:\/\/diariodominicano.com\/index.php?rest_route=\/wp\/v2\/users\/3"}],"replies":[{"embeddable":true,"href":"https:\/\/diariodominicano.com\/index.php?rest_route=%2Fwp%2Fv2%2Fcomments&post=230636"}],"version-history":[{"count":0,"href":"https:\/\/diariodominicano.com\/index.php?rest_route=\/wp\/v2\/posts\/230636\/revisions"}],"wp:attachment":[{"href":"https:\/\/diariodominicano.com\/index.php?rest_route=%2Fwp%2Fv2%2Fmedia&parent=230636"}],"wp:term":[{"taxonomy":"category","embeddable":true,"href":"https:\/\/diariodominicano.com\/index.php?rest_route=%2Fwp%2Fv2%2Fcategories&post=230636"},{"taxonomy":"post_tag","embeddable":true,"href":"https:\/\/diariodominicano.com\/index.php?rest_route=%2Fwp%2Fv2%2Ftags&post=230636"}],"curies":[{"name":"wp","href":"https:\/\/api.w.org\/{rel}","templated":true}]}}