{"id":230634,"date":"2018-05-09T01:59:59","date_gmt":"2018-05-09T01:59:59","guid":{"rendered":"http:\/\/diariodominicano.ddns.net\/?p=230634"},"modified":"2018-05-09T01:59:59","modified_gmt":"2018-05-09T01:59:59","slug":"jefe-de-onu-expresa-preocupacion-por-retirada-de-eeuu-de-acuerdo-nuclear-irani","status":"publish","type":"post","link":"https:\/\/diariodominicano.com\/?p=230634","title":{"rendered":"Jefe de ONU expresa preocupaci\u00f3n por retirada de EEUU de acuerdo nuclear iran\u00ed"},"content":{"rendered":"<p><body><\/p>\n<p><img decoding=\"async\" src=\"img3\/137165123_1525825540142_title0h.jpg\" \/>  <\/p>\n<p><strong>El vocero del secretario general de la Organizaci\u00f3n de las Naciones Unidas (ONU), Stephane Dujarric, lee una declaraci\u00f3n del secretario general de la ONU, Ant\u00f3nio Guterres, con respecto a la retirada de Estados Unidos del acuerdo nuclear iran\u00ed, en la sede de la ONU, en Nueva York, Estados Unidos, el 8 de mayo de 2018. El secretario general de la ONU, Ant\u00f3nio Guterres, expres\u00f3 el martes su \u00abprofunda preocupaci\u00f3n\u00bb por la decisi\u00f3n del presidente de Estados Unidos, Donald Trump, de retirarse del acuerdo nuclear iran\u00ed de 2015. (Xinhua\/Li Muzi)<\/strong><\/p>\n<\/p>\n<p><strong>NACIONES UNIDAS, 8 may (Xinhua) &#8211;<\/strong>&#8211; El secretario general de la ONU, Ant\u00f3nio Guterres, expres\u00f3 hoy su \u00abprofunda preocupaci\u00f3n\u00bb por la decisi\u00f3n del presidente de Estados Unidos, Donald Trump, de retirarse del acuerdo nuclear iran\u00ed de 2015.<\/p>\n<\/p>\n<p>\u00abEstoy profundamente preocupado por el anuncio de hoy de que Estados Unidos se retirar\u00e1 del Plan de Acci\u00f3n Integral Conjunto (JCPOA, por sus siglas en ingl\u00e9s) y reanudar\u00e1 las sanciones (contra Ir\u00e1n)\u00bb, dijo Guterres en una declaraci\u00f3n sobre el acuerdo entre Ir\u00e1n y seis potencias mundiales, Reino Unido, China, Francia, Alemania, Rusia y Estados Unidos.<\/p>\n<\/p>\n<p>\u00abHago un llamado a los participantes del Plan de Acci\u00f3n Integral Conjunto para que se apeguen plenamente a sus respectivos compromisos dentro del acuerdo y a todos los dem\u00e1s Estados miembros de la ONU para que apoyen este acuerdo\u00bb, dijo Guterres.<\/p>\n<\/p>\n<p>\u00abHe se\u00f1alado de manera consistente que el JCPOA representa un logro importante en la no proliferaci\u00f3n nuclear y en la diplomacia y que ha contribuido a la paz y la seguridad regionales e internacionales\u00bb.<\/p>\n<\/p>\n<p>Es esencial que todas las inquietudes con respecto a la implementaci\u00f3n del acuerdo nuclear de Ir\u00e1n sean abordadas por medio de los mecanismos establecidos en el acuerdo y que los temas no directamente relacionados con el acuerdo sean abordados sin prejuicios para preservar el pacto y sus logros, dijo Guterres.<\/p>\n<\/p>\n<p>Trump anunci\u00f3 hoy que su pa\u00eds se retirar\u00e1 del acuerdo nuclear de Ir\u00e1n negociado durante la administraci\u00f3n de su predecesor Barack Obama y que reanudar\u00e1 las sanciones econ\u00f3micas contra Teher\u00e1n.<\/p>\n<\/p>\n<p>\u00abNo podemos evitar una bomba nuclear iran\u00ed dentro de la estructura deteriorada y podrida del actual acuerdo\u00bb, dijo Trump en la Casa Blanca en un discurso televisado.<\/p>\n<\/p>\n<p>Sus declaraciones son contrarias a las conclusiones de la Agencia Internacional para la Energ\u00eda At\u00f3mica en el sentido de que, en general, Teher\u00e1n se ha apegado al acuerdo, de conformidad con el cual Ir\u00e1n acept\u00f3 limitar su capacidad de enriquecimiento de uranio a cambio de reducir las sanciones en su contra.<\/p>\n<h6> 2018-05-09 01:59:59 <\/h6>\n<p><!--\n<link rel=\"stylesheet\" href=\"css\/bootstrap.min.css\">\n\n\n<ul class=\"pagination\">\n\t    \n\t\n\n<li >\n\t<a href='?page_no=10325'>Previous<\/a>\n\t<\/li>\n\n\n       \n    \n\n<li><a href='?page_no=1'>1<\/a><\/li>\n\n\n\n<li><a href='?page_no=2'>2<\/a><\/li>\n\n\n\n<li><a>...<\/a><\/li>\n\n\n\n<li><a href='?page_no=10324'>10324<\/a><\/li>\n\n\n\n<li><a href='?page_no=10325'>10325<\/a><\/li>\n\n\n\n<li class='active'><a>10326<\/a><\/li>\n\n\n\n<li><a href='?page_no=10327'>10327<\/a><\/li>\n\n\n\n<li><a href='?page_no=10328'>10328<\/a><\/li>\n\n\n\n<li><a>...<\/a><\/li>\n\n\n\n<li><a href='?page_no=51012'>51012<\/a><\/li>\n\n\n\n<li><a href='?page_no=51013'>51013<\/a><\/li>\n\n    \n\t\n\n<li >\n\t<a href='?page_no=10327'>Next<\/a>\n\t<\/li>\n\n\n    \n\n<li><a href='?page_no=51013'>Last &rsaquo;&rsaquo;<\/a><\/li>\n\n<\/ul>\n\n\n--><br \/>\n<\/body><\/p>\n","protected":false},"excerpt":{"rendered":"<p>El vocero del secretario general de la Organizaci\u00f3n de las Naciones Unidas (ONU), Stephane Dujarric, lee una declaraci\u00f3n del secretario general de la ONU, Ant\u00f3nio Guterres, con respecto a la retirada de Estados Unidos del acuerdo nuclear iran\u00ed, en la sede de la ONU, en Nueva York, Estados Unidos, el 8 de mayo de 2018. [&hellip;]<\/p>\n","protected":false},"author":3,"featured_media":0,"comment_status":"open","ping_status":"open","sticky":false,"template":"","format":"standard","meta":{"footnotes":""},"categories":[23],"tags":[],"class_list":["post-230634","post","type-post","status-publish","format-standard","hentry","category-internacional"],"_links":{"self":[{"href":"https:\/\/diariodominicano.com\/index.php?rest_route=\/wp\/v2\/posts\/230634","targetHints":{"allow":["GET"]}}],"collection":[{"href":"https:\/\/diariodominicano.com\/index.php?rest_route=\/wp\/v2\/posts"}],"about":[{"href":"https:\/\/diariodominicano.com\/index.php?rest_route=\/wp\/v2\/types\/post"}],"author":[{"embeddable":true,"href":"https:\/\/diariodominicano.com\/index.php?rest_route=\/wp\/v2\/users\/3"}],"replies":[{"embeddable":true,"href":"https:\/\/diariodominicano.com\/index.php?rest_route=%2Fwp%2Fv2%2Fcomments&post=230634"}],"version-history":[{"count":0,"href":"https:\/\/diariodominicano.com\/index.php?rest_route=\/wp\/v2\/posts\/230634\/revisions"}],"wp:attachment":[{"href":"https:\/\/diariodominicano.com\/index.php?rest_route=%2Fwp%2Fv2%2Fmedia&parent=230634"}],"wp:term":[{"taxonomy":"category","embeddable":true,"href":"https:\/\/diariodominicano.com\/index.php?rest_route=%2Fwp%2Fv2%2Fcategories&post=230634"},{"taxonomy":"post_tag","embeddable":true,"href":"https:\/\/diariodominicano.com\/index.php?rest_route=%2Fwp%2Fv2%2Ftags&post=230634"}],"curies":[{"name":"wp","href":"https:\/\/api.w.org\/{rel}","templated":true}]}}