{"id":230629,"date":"2018-05-09T09:12:11","date_gmt":"2018-05-09T09:12:11","guid":{"rendered":"http:\/\/diariodominicano.ddns.net\/?p=230629"},"modified":"2018-05-09T09:12:11","modified_gmt":"2018-05-09T09:12:11","slug":"huelga-en-principal-hospital-de-puerto-principe-haiti-entra-a-su-tercer-dia","status":"publish","type":"post","link":"https:\/\/diariodominicano.com\/?p=230629","title":{"rendered":"Huelga en principal hospital de Puerto Pr\u00edncipe, Hait\u00ed entra a su tercer d\u00eda"},"content":{"rendered":"<p><body><\/p>\n<p><img decoding=\"async\" src=\"img3\/Haiti9.jpg\" \/>  <\/p>\n<p><span class=\"text1noticias\">Puerto Pr\u00edncipe, 9 may (PL) Por tercer d\u00eda consecutivo el personal administrativo y de apoyo del Hospital de la Universidad Estatal del Hait\u00ed (HUEH), contin\u00faa hoy en huelga y amenaza con paralizar el sistema de salud nacional.<\/span><\/p>\n<p><span class=\"text1noticias\"> <\/span><\/p>\n<p><span class=\"text1noticias\">El objetivo es exigir a las autoridades la firma de las cartas de nombramiento y el pago atrasado de seis meses, confirm\u00f3 Levy Milot Felix, presidente de la Federaci\u00f3n Nacional de Trabajadores de la Salud (Fenatras).<\/span><\/p>\n<p><span class=\"text1noticias\"> <\/span><\/p>\n<p><span class=\"text1noticias\">Explic\u00f3 que las solicitudes se enviaron a la oficina del jefe de Gobierno, y desconoce la raz\u00f3n por la cual el proceso est\u00e1 bloqueado, y alienta al primer ministro Jack Guy Lafonatant a poner fin a esta huelga que pudiera extenderse a otros centros de salud en el pa\u00eds.<\/span><\/p>\n<p><span class=\"text1noticias\"> <\/span><\/p>\n<p><span class=\"text1noticias\">Fentrans est\u00e1 integrado por unos dos mil trabajadores subcontratados de varios hospitales que se alinear\u00e1n con sus &#8216;co-hermanos&#8217; del HUEH, afirm\u00f3 el l\u00edder sindical.<\/span><\/p>\n<p><span class=\"text1noticias\"> <\/span><\/p>\n<p><span class=\"text1noticias\">Seg\u00fan medios locales de prensa, el escenario del mayor hospital p\u00fablico del pa\u00eds es sombr\u00edo, con cubos de basura desbordados y despidiendo un fuerte olor, mientras los pacientes permanecen en camas no cubiertas, como protesta del personal.<\/span><\/p>\n<p><span class=\"text1noticias\"> <\/span><\/p>\n<p><span class=\"text1noticias\">&#8216;Estoy seguro que las principales v\u00edctimas de las par\u00e1lisis repetitivas es la poblaci\u00f3n&#8217;, dijo Milot, y a\u00f1adi\u00f3 que los responsables del Gobierno deben tomar las acciones correctas para poner fin a esta situaci\u00f3n deplorable.<\/span><\/p>\n<p><span class=\"text1noticias\"> <\/span><\/p>\n<p><span class=\"text1noticias\">El sector est\u00e1 afectado constantemente por las manifestaciones, que reclaman adem\u00e1s ajustes salariales, mejores condiciones de trabajo y estabilidad en la entrega de suministros m\u00e9dicos b\u00e1sicos.<\/span><\/p>\n<p><span class=\"text1noticias\"> <\/span><\/p>\n<p><span class=\"text1noticias\">&#8216;No es posible que el sector est\u00e9 sujeto a tal inestabilidad&#8217;, sentenci\u00f3 el sindicalista y record\u00f3 que no es el primero de los paros laborales que realizan.<\/span><\/p>\n<p><span class=\"text1noticias\"> <\/span><\/p>\n<p><span class=\"text1noticias\">En 2016 el sistema sanitario haitiano protagoniz\u00f3 una de las mayores protestas, con la paralizaci\u00f3n de varios hospitales p\u00fablicos, una situaci\u00f3n que ensombrece hasta hoy, pues los principales reclamos a\u00fan no se han solu<\/span>cionado.<\/p>\n<h6> 2018-05-09 09:12:11 <\/h6>\n<p><!--\n<link rel=\"stylesheet\" href=\"css\/bootstrap.min.css\">\n\n\n<ul class=\"pagination\">\n\t    \n\t\n\n<li >\n\t<a href='?page_no=10320'>Previous<\/a>\n\t<\/li>\n\n\n       \n    \n\n<li><a href='?page_no=1'>1<\/a><\/li>\n\n\n\n<li><a href='?page_no=2'>2<\/a><\/li>\n\n\n\n<li><a>...<\/a><\/li>\n\n\n\n<li><a href='?page_no=10319'>10319<\/a><\/li>\n\n\n\n<li><a href='?page_no=10320'>10320<\/a><\/li>\n\n\n\n<li class='active'><a>10321<\/a><\/li>\n\n\n\n<li><a href='?page_no=10322'>10322<\/a><\/li>\n\n\n\n<li><a href='?page_no=10323'>10323<\/a><\/li>\n\n\n\n<li><a>...<\/a><\/li>\n\n\n\n<li><a href='?page_no=51012'>51012<\/a><\/li>\n\n\n\n<li><a href='?page_no=51013'>51013<\/a><\/li>\n\n    \n\t\n\n<li >\n\t<a href='?page_no=10322'>Next<\/a>\n\t<\/li>\n\n\n    \n\n<li><a href='?page_no=51013'>Last &rsaquo;&rsaquo;<\/a><\/li>\n\n<\/ul>\n\n\n--><br \/>\n<\/body><\/p>\n","protected":false},"excerpt":{"rendered":"<p>Puerto Pr\u00edncipe, 9 may (PL) Por tercer d\u00eda consecutivo el personal administrativo y de apoyo del Hospital de la Universidad Estatal del Hait\u00ed (HUEH), contin\u00faa hoy en huelga y amenaza con paralizar el sistema de salud nacional. El objetivo es exigir a las autoridades la firma de las cartas de nombramiento y el pago atrasado [&hellip;]<\/p>\n","protected":false},"author":3,"featured_media":0,"comment_status":"open","ping_status":"open","sticky":false,"template":"","format":"standard","meta":{"footnotes":""},"categories":[23],"tags":[],"class_list":["post-230629","post","type-post","status-publish","format-standard","hentry","category-internacional"],"_links":{"self":[{"href":"https:\/\/diariodominicano.com\/index.php?rest_route=\/wp\/v2\/posts\/230629","targetHints":{"allow":["GET"]}}],"collection":[{"href":"https:\/\/diariodominicano.com\/index.php?rest_route=\/wp\/v2\/posts"}],"about":[{"href":"https:\/\/diariodominicano.com\/index.php?rest_route=\/wp\/v2\/types\/post"}],"author":[{"embeddable":true,"href":"https:\/\/diariodominicano.com\/index.php?rest_route=\/wp\/v2\/users\/3"}],"replies":[{"embeddable":true,"href":"https:\/\/diariodominicano.com\/index.php?rest_route=%2Fwp%2Fv2%2Fcomments&post=230629"}],"version-history":[{"count":0,"href":"https:\/\/diariodominicano.com\/index.php?rest_route=\/wp\/v2\/posts\/230629\/revisions"}],"wp:attachment":[{"href":"https:\/\/diariodominicano.com\/index.php?rest_route=%2Fwp%2Fv2%2Fmedia&parent=230629"}],"wp:term":[{"taxonomy":"category","embeddable":true,"href":"https:\/\/diariodominicano.com\/index.php?rest_route=%2Fwp%2Fv2%2Fcategories&post=230629"},{"taxonomy":"post_tag","embeddable":true,"href":"https:\/\/diariodominicano.com\/index.php?rest_route=%2Fwp%2Fv2%2Ftags&post=230629"}],"curies":[{"name":"wp","href":"https:\/\/api.w.org\/{rel}","templated":true}]}}