{"id":230626,"date":"2018-05-09T11:05:43","date_gmt":"2018-05-09T11:05:43","guid":{"rendered":"http:\/\/diariodominicano.ddns.net\/?p=230626"},"modified":"2018-05-09T11:05:43","modified_gmt":"2018-05-09T11:05:43","slug":"trump-anuncia-que-mike-pompeo-lleva-de-regreso-a-eeuu-a-3-estadounidenses-liberados-en-rpdc","status":"publish","type":"post","link":"https:\/\/diariodominicano.com\/?p=230626","title":{"rendered":"Trump anuncia que Mike Pompeo lleva de regreso a EEUU a 3 estadounidenses liberados en RPDC"},"content":{"rendered":"<p><body><\/p>\n<p><img decoding=\"async\" src=\"img3\/trump-pompeo9.jpg\" \/>  <\/p>\n<p><span class=\"text1noticias\">     WASHINGTON, 9 may (Xinhua) &#8212; El secretario de Estado de Estados Unidos, Mike Pompeo, trae de regreso al pa\u00eds desde la Rep\u00fablica Popular Democr\u00e1tica de Corea (RPDC) a tres estadounidenses liberados, dijo hoy el presidente estadounidense, Donald Trump, en un tuit.<\/span><\/p>\n<p><span class=\"text1noticias\"> <\/span><\/p>\n<p><span class=\"text1noticias\">     \u00abMe complace informarles que el secretario de Estado Mike Pompeo est\u00e1 en el aire y en su camino de regreso de Corea del Norte (RPDC) con 3 caballeros maravillosos\u00bb, tuite\u00f3 Trump.<\/span><\/p>\n<p><span class=\"text1noticias\"> <\/span><\/p>\n<p><span class=\"text1noticias\">     Trump indic\u00f3 que los tres hombres \u00abparecen gozar de buena salud\u00bb, y agreg\u00f3 que aterrizar\u00edan a las 2:00 horas en la Base Andrews de la Fuerza A\u00e9rea.<\/span><\/p>\n<p><span class=\"text1noticias\"> <\/span><\/p>\n<p><span class=\"text1noticias\">     El presidente inform\u00f3 que estar\u00e1 all\u00ed para recibirlos. Los tres hombres estuvieron detenidos en la RPDC durante meses.<\/span><\/p>\n<p><span class=\"text1noticias\"> <\/span><\/p>\n<p><span class=\"text1noticias\">     Trump tambi\u00e9n tuite\u00f3 \u00abFecha y Lugar establecidos\u00bb durante la segunda visita de Pompeo a Pyongyang, lo que significa que se han decidido el d\u00eda y lugar para la esperada reuni\u00f3n entre Trump y el m\u00e1ximo l\u00edder de la RPDC, Kim Jong Un, porque Pompeo tuvo una \u00abbuena reuni\u00f3n con Kim Jong <\/span>Un\u00bb.<\/p>\n<h6> 2018-05-09 11:05:43 <\/h6>\n<p><!--\n<link rel=\"stylesheet\" href=\"css\/bootstrap.min.css\">\n\n\n<ul class=\"pagination\">\n\t    \n\t\n\n<li >\n\t<a href='?page_no=10318'>Previous<\/a>\n\t<\/li>\n\n\n       \n    \n\n<li><a href='?page_no=1'>1<\/a><\/li>\n\n\n\n<li><a href='?page_no=2'>2<\/a><\/li>\n\n\n\n<li><a>...<\/a><\/li>\n\n\n\n<li><a href='?page_no=10317'>10317<\/a><\/li>\n\n\n\n<li><a href='?page_no=10318'>10318<\/a><\/li>\n\n\n\n<li class='active'><a>10319<\/a><\/li>\n\n\n\n<li><a href='?page_no=10320'>10320<\/a><\/li>\n\n\n\n<li><a href='?page_no=10321'>10321<\/a><\/li>\n\n\n\n<li><a>...<\/a><\/li>\n\n\n\n<li><a href='?page_no=51012'>51012<\/a><\/li>\n\n\n\n<li><a href='?page_no=51013'>51013<\/a><\/li>\n\n    \n\t\n\n<li >\n\t<a href='?page_no=10320'>Next<\/a>\n\t<\/li>\n\n\n    \n\n<li><a href='?page_no=51013'>Last &rsaquo;&rsaquo;<\/a><\/li>\n\n<\/ul>\n\n\n--><br \/>\n<\/body><\/p>\n","protected":false},"excerpt":{"rendered":"<p>WASHINGTON, 9 may (Xinhua) &#8212; El secretario de Estado de Estados Unidos, Mike Pompeo, trae de regreso al pa\u00eds desde la Rep\u00fablica Popular Democr\u00e1tica de Corea (RPDC) a tres estadounidenses liberados, dijo hoy el presidente estadounidense, Donald Trump, en un tuit. \u00abMe complace informarles que el secretario de Estado Mike Pompeo est\u00e1 en el aire [&hellip;]<\/p>\n","protected":false},"author":3,"featured_media":0,"comment_status":"open","ping_status":"open","sticky":false,"template":"","format":"standard","meta":{"footnotes":""},"categories":[23],"tags":[],"class_list":["post-230626","post","type-post","status-publish","format-standard","hentry","category-internacional"],"_links":{"self":[{"href":"https:\/\/diariodominicano.com\/index.php?rest_route=\/wp\/v2\/posts\/230626","targetHints":{"allow":["GET"]}}],"collection":[{"href":"https:\/\/diariodominicano.com\/index.php?rest_route=\/wp\/v2\/posts"}],"about":[{"href":"https:\/\/diariodominicano.com\/index.php?rest_route=\/wp\/v2\/types\/post"}],"author":[{"embeddable":true,"href":"https:\/\/diariodominicano.com\/index.php?rest_route=\/wp\/v2\/users\/3"}],"replies":[{"embeddable":true,"href":"https:\/\/diariodominicano.com\/index.php?rest_route=%2Fwp%2Fv2%2Fcomments&post=230626"}],"version-history":[{"count":0,"href":"https:\/\/diariodominicano.com\/index.php?rest_route=\/wp\/v2\/posts\/230626\/revisions"}],"wp:attachment":[{"href":"https:\/\/diariodominicano.com\/index.php?rest_route=%2Fwp%2Fv2%2Fmedia&parent=230626"}],"wp:term":[{"taxonomy":"category","embeddable":true,"href":"https:\/\/diariodominicano.com\/index.php?rest_route=%2Fwp%2Fv2%2Fcategories&post=230626"},{"taxonomy":"post_tag","embeddable":true,"href":"https:\/\/diariodominicano.com\/index.php?rest_route=%2Fwp%2Fv2%2Ftags&post=230626"}],"curies":[{"name":"wp","href":"https:\/\/api.w.org\/{rel}","templated":true}]}}