{"id":230623,"date":"2018-05-09T11:42:39","date_gmt":"2018-05-09T11:42:39","guid":{"rendered":"http:\/\/diariodominicano.ddns.net\/?p=230623"},"modified":"2018-05-09T11:42:39","modified_gmt":"2018-05-09T11:42:39","slug":"acuerdo-nuclear-de-iran-permanece-pese-a-retiro-de-eeuu-dice-canciller-frances","status":"publish","type":"post","link":"https:\/\/diariodominicano.com\/?p=230623","title":{"rendered":"Acuerdo nuclear de Ir\u00e1n permanece pese a retiro de EEUU, dice canciller franc\u00e9s"},"content":{"rendered":"<p><body><\/p>\n<p><span class=\"text1noticias\">     PARIS, 9 may (Xinhua) &#8212; El ministro de Relaciones Exteriores de Francia, Jean-Yves le Drian, dijo hoy que el acuerdo nuclear de Ir\u00e1n \u00absigue existiendo\u00bb a pesar de la decisi\u00f3n del presidente de Estados Unidos, Donald Trump, de retirarse del acuerdo alcanzado en 2015 tras conversaciones marat\u00f3nicas.<\/span><\/p>\n<p><span class=\"text1noticias\"> <\/span><\/p>\n<p><span class=\"text1noticias\">     \u00abEl acuerdo no est\u00e1 muerto. Hay un retiro estadounidense del acuerdo, pero el acuerdo sigue all\u00ed\u00bb, declar\u00f3 el ministro a la radio RTL.<\/span><\/p>\n<p><span class=\"text1noticias\"> <\/span><\/p>\n<p><span class=\"text1noticias\">     \u00abEs un acuerdo que permite la seguridad en la regi\u00f3n. Merece m\u00e1s que una nueva desestabilizaci\u00f3n causada por el retiro de Estados Unidos\u00bb, agreg\u00f3.<\/span><\/p>\n<p><span class=\"text1noticias\"> <\/span><\/p>\n<p><span class=\"text1noticias\">     El canciller franc\u00e9s declar\u00f3 que \u00abqueremos permanecer en este acuerdo, para asegurar que Ir\u00e1n tambi\u00e9n permanezca y muestre moderaci\u00f3n&#8230; los iran\u00edes deben continuar su determinaci\u00f3n para permanecer en el acuerdo a cambio de beneficios econ\u00f3micos que los europeos tratar\u00e1n de preservar\u00bb, agreg\u00f3.<\/span><\/p>\n<p><span class=\"text1noticias\"> <\/span><\/p>\n<p><span class=\"text1noticias\">     El diplom\u00e1tico indic\u00f3 que desde 2015, las inspecciones del Organismo Internacional de Energ\u00eda At\u00f3mica han mostrado que Ir\u00e1n est\u00e1 cumpliendo sus compromisos para reducir las actividades nucleares.<\/span><\/p>\n<p><span class=\"text1noticias\"> <\/span><\/p>\n<p><span class=\"text1noticias\">     Sin embargo, dijo estar consciente de que \u00abotros temas\u00bb, incluido el programa de misiles bal\u00edsticos iran\u00ed y la influencia del pa\u00eds en Yemen y Siria, siguen sin resolver.<\/span><\/p>\n<p><span class=\"text1noticias\"> <\/span><\/p>\n<p><span class=\"text1noticias\">    \u00abEstamos dispuestos a trabajar hacia un acuerdo m\u00e1s amplio\u00bb, a\u00f1adi\u00f3.<\/span><\/p>\n<p><span class=\"text1noticias\"> <\/span><\/p>\n<p><span class=\"text1noticias\">     El presidente franc\u00e9s, Emmanuel Macron, va a hablar m\u00e1s tarde con su hom\u00f3logo iran\u00ed, Hassan Rouhani.<\/span><\/p>\n<p><span class=\"text1noticias\"> <\/span><\/p>\n<p><span class=\"text1noticias\">     Ante las preocupaciones por \u00abun riesgo de confrontaci\u00f3n\u00bb y \u00abun rev\u00e9s para la paz\u00bb, Le Drian, junto con sus hom\u00f3logos alem\u00e1n y brit\u00e1nico, se reunir\u00e1n con funcionarios iran\u00edes el lunes para discutir la sit<\/span>uaci\u00f3n. <\/p>\n<h6> 2018-05-09 11:42:39 <\/h6>\n<p><!--\n<link rel=\"stylesheet\" href=\"css\/bootstrap.min.css\">\n\n\n<ul class=\"pagination\">\n\t    \n\t\n\n<li >\n\t<a href='?page_no=10315'>Previous<\/a>\n\t<\/li>\n\n\n       \n    \n\n<li><a href='?page_no=1'>1<\/a><\/li>\n\n\n\n<li><a href='?page_no=2'>2<\/a><\/li>\n\n\n\n<li><a>...<\/a><\/li>\n\n\n\n<li><a href='?page_no=10314'>10314<\/a><\/li>\n\n\n\n<li><a href='?page_no=10315'>10315<\/a><\/li>\n\n\n\n<li class='active'><a>10316<\/a><\/li>\n\n\n\n<li><a href='?page_no=10317'>10317<\/a><\/li>\n\n\n\n<li><a href='?page_no=10318'>10318<\/a><\/li>\n\n\n\n<li><a>...<\/a><\/li>\n\n\n\n<li><a href='?page_no=51012'>51012<\/a><\/li>\n\n\n\n<li><a href='?page_no=51013'>51013<\/a><\/li>\n\n    \n\t\n\n<li >\n\t<a href='?page_no=10317'>Next<\/a>\n\t<\/li>\n\n\n    \n\n<li><a href='?page_no=51013'>Last &rsaquo;&rsaquo;<\/a><\/li>\n\n<\/ul>\n\n\n--><br \/>\n<\/body><\/p>\n","protected":false},"excerpt":{"rendered":"<p>PARIS, 9 may (Xinhua) &#8212; El ministro de Relaciones Exteriores de Francia, Jean-Yves le Drian, dijo hoy que el acuerdo nuclear de Ir\u00e1n \u00absigue existiendo\u00bb a pesar de la decisi\u00f3n del presidente de Estados Unidos, Donald Trump, de retirarse del acuerdo alcanzado en 2015 tras conversaciones marat\u00f3nicas. \u00abEl acuerdo no est\u00e1 muerto. Hay un retiro [&hellip;]<\/p>\n","protected":false},"author":3,"featured_media":0,"comment_status":"open","ping_status":"open","sticky":false,"template":"","format":"standard","meta":{"footnotes":""},"categories":[23],"tags":[],"class_list":["post-230623","post","type-post","status-publish","format-standard","hentry","category-internacional"],"_links":{"self":[{"href":"https:\/\/diariodominicano.com\/index.php?rest_route=\/wp\/v2\/posts\/230623","targetHints":{"allow":["GET"]}}],"collection":[{"href":"https:\/\/diariodominicano.com\/index.php?rest_route=\/wp\/v2\/posts"}],"about":[{"href":"https:\/\/diariodominicano.com\/index.php?rest_route=\/wp\/v2\/types\/post"}],"author":[{"embeddable":true,"href":"https:\/\/diariodominicano.com\/index.php?rest_route=\/wp\/v2\/users\/3"}],"replies":[{"embeddable":true,"href":"https:\/\/diariodominicano.com\/index.php?rest_route=%2Fwp%2Fv2%2Fcomments&post=230623"}],"version-history":[{"count":0,"href":"https:\/\/diariodominicano.com\/index.php?rest_route=\/wp\/v2\/posts\/230623\/revisions"}],"wp:attachment":[{"href":"https:\/\/diariodominicano.com\/index.php?rest_route=%2Fwp%2Fv2%2Fmedia&parent=230623"}],"wp:term":[{"taxonomy":"category","embeddable":true,"href":"https:\/\/diariodominicano.com\/index.php?rest_route=%2Fwp%2Fv2%2Fcategories&post=230623"},{"taxonomy":"post_tag","embeddable":true,"href":"https:\/\/diariodominicano.com\/index.php?rest_route=%2Fwp%2Fv2%2Ftags&post=230623"}],"curies":[{"name":"wp","href":"https:\/\/api.w.org\/{rel}","templated":true}]}}