{"id":230622,"date":"2018-05-09T11:52:07","date_gmt":"2018-05-09T11:52:07","guid":{"rendered":"http:\/\/diariodominicano.ddns.net\/?p=230622"},"modified":"2018-05-09T11:52:07","modified_gmt":"2018-05-09T11:52:07","slug":"espana-defendera-acuerdo-nuclear-con-iran-junto-a-socios-europeos-dice-rajoy","status":"publish","type":"post","link":"https:\/\/diariodominicano.com\/?p=230622","title":{"rendered":"Espa\u00f1a defender\u00e1 acuerdo nuclear con Ir\u00e1n junto a socios europeos, dice Rajoy"},"content":{"rendered":"<p><body><\/p>\n<p><img decoding=\"async\" src=\"img3\/espana.jpg\" \/>  <\/p>\n<p><span class=\"text1noticias\">     MADRID, 9 may (Xinhua) &#8212; Espa\u00f1a continuar\u00e1 con la defensa del pacto nuclear con Ir\u00e1n junto a sus socios europeos, tras el anuncio hecho por Trump de retirarse del acuerdo, afirm\u00f3 hoy mi\u00e9rcoles el presidente del gobierno espa\u00f1ol, Mariano Rajoy.<\/span><\/p>\n<p><span class=\"text1noticias\"> <\/span><\/p>\n<p><span class=\"text1noticias\">     El mandatario expres\u00f3 en el Congreso de los Diputados que \u00abno es una buena noticia\u00bb la decisi\u00f3n del presidente de Estados Unidos, Donald Trump, sobre el retiro de su pa\u00eds del acuerdo con Ir\u00e1n firmado en 2015, as\u00ed como la reanudaci\u00f3n de las sanciones levantadas bajo el pacto.<\/span><\/p>\n<p><span class=\"text1noticias\"> <\/span><\/p>\n<p><span class=\"text1noticias\">     \u00abEspa\u00f1a va a continuar con sus socios europeos defendiendo la vigencia de un acuerdo que creo que es un avance muy significativo, que todos los pa\u00edses occidentales apoyaron en su d\u00eda\u00bb, dijo.<\/span><\/p>\n<p><span class=\"text1noticias\"> <\/span><\/p>\n<p><span class=\"text1noticias\">     Insisti\u00f3 en que \u00abrespeta\u00bb las razones de Trump para retirarse del acuerdo con Ir\u00e1n, pero reiter\u00f3 que Espa\u00f1a continuar\u00e1 con el pacto.<\/span><\/p>\n<p><span class=\"text1noticias\"> <\/span><\/p>\n<p><span class=\"text1noticias\">     \u00abEl pacto de 2015 fue un avance muy significativo que apoyaron todos los pa\u00edses occidentales para defender la libertad, la democracia y, sobre todo, la seguridad de la gente\u00bb, dijo el presidente del gobierno espa\u00f1ol a la prensa local en el Congreso.<\/span><\/p>\n<p><span class=\"text1noticias\"> <\/span><\/p>\n<p><span class=\"text1noticias\">     Rajoy se refiri\u00f3 tambi\u00e9n a asuntos de la actualidad espa\u00f1ola, como el tema de la comunidad aut\u00f3noma de Catalu\u00f1a (noreste), inmersa en una corriente independentista.<\/span><\/p>\n<p><span class=\"text1noticias\"> <\/span><\/p>\n<p><span class=\"text1noticias\">     El presidente del gobierno espa\u00f1ol puso como meta que pronto se forme un Ejecutivo regional, ya que Catalu\u00f1a lleva sin gobierno desde las elecciones del pasado 21 de diciembre.<\/span><\/p>\n<p><span class=\"text1noticias\"> <\/span><\/p>\n<p><span class=\"text1noticias\">     \u00abQue se forme gobierno en Catalu\u00f1a y que acabemos con una situaci\u00f3n de provisionalidad, de interinidad, que no conduce absolutamente a nada. Ya est\u00e1 bien de estar mareando la perdiz\u00bb, dijo.<\/span><\/p>\n<p><span class=\"text1noticias\"> <\/span><\/p>\n<p><span class=\"text1noticias\">     Respecto al tema de la aprobaci\u00f3n de los Presupuestos Generales del Estado de 2018, Rajoy se\u00f1al\u00f3 que ese es uno de los objetivos.<\/span><\/p>\n<p><span class=\"text1noticias\"> <\/span><\/p>\n<p><span class=\"text1noticias\">     \u00abUno de los objetivos fundamentales es aprobar los presupuestos, que son buenos para nuestro pa\u00eds, ya que podemos hacer cosas que no pudimos hacer durante la crisis\u00bb, sostuvo.<\/span><\/p>\n<p><span class=\"text1noticias\"> <\/span><\/p>\n<p><span class=\"text1noticias\">     Asever\u00f3 que espera que los nuevos presupuestos permitan a Espa\u00f1a crecer un 2,7 por ciento y crear 475.000 empleos en 2018.<\/span><\/p>\n<p><span class=\"text1noticias\"> <\/span><\/p>\n<p><span class=\"text1noticias\">     Mencion\u00f3, no obstante, que hasta el momento no ha quedado acreditada esa parte, ya que las nuevas cuentas a\u00fan deben aprobarse en el p<\/span>arlamento. <\/p>\n<h6> 2018-05-09 11:52:07 <\/h6>\n<p><!--\n<link rel=\"stylesheet\" href=\"css\/bootstrap.min.css\">\n\n\n<ul class=\"pagination\">\n\t    \n\t\n\n<li >\n\t<a href='?page_no=10314'>Previous<\/a>\n\t<\/li>\n\n\n       \n    \n\n<li><a href='?page_no=1'>1<\/a><\/li>\n\n\n\n<li><a href='?page_no=2'>2<\/a><\/li>\n\n\n\n<li><a>...<\/a><\/li>\n\n\n\n<li><a href='?page_no=10313'>10313<\/a><\/li>\n\n\n\n<li><a href='?page_no=10314'>10314<\/a><\/li>\n\n\n\n<li class='active'><a>10315<\/a><\/li>\n\n\n\n<li><a href='?page_no=10316'>10316<\/a><\/li>\n\n\n\n<li><a href='?page_no=10317'>10317<\/a><\/li>\n\n\n\n<li><a>...<\/a><\/li>\n\n\n\n<li><a href='?page_no=51012'>51012<\/a><\/li>\n\n\n\n<li><a href='?page_no=51013'>51013<\/a><\/li>\n\n    \n\t\n\n<li >\n\t<a href='?page_no=10316'>Next<\/a>\n\t<\/li>\n\n\n    \n\n<li><a href='?page_no=51013'>Last &rsaquo;&rsaquo;<\/a><\/li>\n\n<\/ul>\n\n\n--><br \/>\n<\/body><\/p>\n","protected":false},"excerpt":{"rendered":"<p>MADRID, 9 may (Xinhua) &#8212; Espa\u00f1a continuar\u00e1 con la defensa del pacto nuclear con Ir\u00e1n junto a sus socios europeos, tras el anuncio hecho por Trump de retirarse del acuerdo, afirm\u00f3 hoy mi\u00e9rcoles el presidente del gobierno espa\u00f1ol, Mariano Rajoy. El mandatario expres\u00f3 en el Congreso de los Diputados que \u00abno es una buena noticia\u00bb [&hellip;]<\/p>\n","protected":false},"author":3,"featured_media":0,"comment_status":"open","ping_status":"open","sticky":false,"template":"","format":"standard","meta":{"footnotes":""},"categories":[23],"tags":[],"class_list":["post-230622","post","type-post","status-publish","format-standard","hentry","category-internacional"],"_links":{"self":[{"href":"https:\/\/diariodominicano.com\/index.php?rest_route=\/wp\/v2\/posts\/230622","targetHints":{"allow":["GET"]}}],"collection":[{"href":"https:\/\/diariodominicano.com\/index.php?rest_route=\/wp\/v2\/posts"}],"about":[{"href":"https:\/\/diariodominicano.com\/index.php?rest_route=\/wp\/v2\/types\/post"}],"author":[{"embeddable":true,"href":"https:\/\/diariodominicano.com\/index.php?rest_route=\/wp\/v2\/users\/3"}],"replies":[{"embeddable":true,"href":"https:\/\/diariodominicano.com\/index.php?rest_route=%2Fwp%2Fv2%2Fcomments&post=230622"}],"version-history":[{"count":0,"href":"https:\/\/diariodominicano.com\/index.php?rest_route=\/wp\/v2\/posts\/230622\/revisions"}],"wp:attachment":[{"href":"https:\/\/diariodominicano.com\/index.php?rest_route=%2Fwp%2Fv2%2Fmedia&parent=230622"}],"wp:term":[{"taxonomy":"category","embeddable":true,"href":"https:\/\/diariodominicano.com\/index.php?rest_route=%2Fwp%2Fv2%2Fcategories&post=230622"},{"taxonomy":"post_tag","embeddable":true,"href":"https:\/\/diariodominicano.com\/index.php?rest_route=%2Fwp%2Fv2%2Ftags&post=230622"}],"curies":[{"name":"wp","href":"https:\/\/api.w.org\/{rel}","templated":true}]}}