{"id":230621,"date":"2018-05-09T20:54:40","date_gmt":"2018-05-09T20:54:40","guid":{"rendered":"http:\/\/diariodominicano.ddns.net\/?p=230621"},"modified":"2018-05-09T20:54:40","modified_gmt":"2018-05-09T20:54:40","slug":"expertos-bolivianos-plantean-alternativas-sobre-crisis-de-unasur","status":"publish","type":"post","link":"https:\/\/diariodominicano.com\/?p=230621","title":{"rendered":"Expertos bolivianos plantean alternativas sobre crisis de Unasur"},"content":{"rendered":"<p><body><\/p>\n<p><strong> <\/strong><\/p>\n<p><strong>   Por Ren\u00e9 Quenallata Paredes<\/strong><\/p>\n<\/p>\n<p><strong>   LA PAZ, 9 may (Xinhua) &#8211;<\/strong>&#8211; Se deben replantear alternativas para encarar la crisis de la Uni\u00f3n de Naciones Suramericanas (Unasur) y relanzarla con una mirada pol\u00edtica abierta, sin \u00abradicalismos antiimperialistas\u00bb y una integraci\u00f3n para el desarrollo, asever\u00f3 el profesor boliviano Franklin Rub\u00e9n Pareja.<\/p>\n<\/p>\n<p>   El director del post grado de ciencias pol\u00edticas de la estatal Universidad Mayor de San Andr\u00e9s de Bolivia consider\u00f3 en entrevista con Xinhua, que es necesario un cambio de rumbo que perfile a la integraci\u00f3n como un objetivo estrat\u00e9gico para lograr la independencia de Am\u00e9rica Latina. <\/p>\n<\/p>\n<p>   \u00abEs necesario relanzar un espacio de integraci\u00f3n en lo cultural, social, econ\u00f3mico y pol\u00edtico con prioridad en el di\u00e1logo pol\u00edtico, la infraestructura, el financiamiento, el medio ambiente; para eliminar la desigualdad socioecon\u00f3mica, fortalecer el respeto a la democracia y profundizar la soberan\u00eda de los Estados\u00bb, asever\u00f3 el tambi\u00e9n analista.<\/p>\n<\/p>\n<p>   Puntualiz\u00f3 que la crisis de integraci\u00f3n estrat\u00e9gica internacional que se manifiesta a nivel pol\u00edtico y econ\u00f3mico, se reproduce tambi\u00e9n en el \u00e1mbito multilateral sudamericano.<\/p>\n<\/p>\n<p>   \u00abEn ese sentido, es importante fortalecer los distintos niveles de integraci\u00f3n y consolidar un bloque sudamericano y latinoamericano. La Unasur tendr\u00e1 que relanzarse como uno de los mejores ejemplos de proceso integrador estrat\u00e9gico de nuevo tipo\u00bb, dijo el entrevistado.<\/p>\n<\/p>\n<p>   El 19 de abril pasado, seis naciones enviaron una carta en la que manifestaron la decisi\u00f3n de \u00absuspender su participaci\u00f3n\u00bb en las reuniones del bloque, hasta que se concrete la designaci\u00f3n del secretario general, postergada desde febrero de 2017 por falta de consensos entre los pa\u00edses miembros.<\/p>\n<\/p>\n<p>   Las seis naciones que decidieron \u00absuspender su participaci\u00f3n\u00bb de la Unasur son Argentina, Brasil, Chile, Colombia, Paraguay y Per\u00fa.<\/p>\n<\/p>\n<p>   La reconfiguraci\u00f3n de fuerzas pol\u00edticas en esas naciones, que cambiaron de gobiernos en los \u00faltimos a\u00f1os, ha puesto en entredicho la sostenibilidad del bloque de integraci\u00f3n regional, nacido en 2008 al cobijo de gobiernos de izquierda.<\/p>\n<\/p>\n<p>   Las naciones que tomaron la decisi\u00f3n de su salida como se\u00f1al pol\u00edtica concentran cerca del 80 por ciento del apoyo financiero en favor del bloque sudamericano.<\/p>\n<\/p>\n<p>   Bolivia asumi\u00f3 la presidencia pro t\u00e9mpore de la Unasur el 17 de abril pasado. <\/p>\n<\/p>\n<p>   Los gobiernos de la regi\u00f3n sudamericana experimentan un cambio ideol\u00f3gico y pol\u00edtico que obliga una transici\u00f3n hacia una visi\u00f3n pol\u00edtica equilibrada, para sacar a flote la vigencia y sostenibilidad del bloque.<\/p>\n<\/p>\n<p>   A decir de Pareja, para evitar argumentos de las naciones de alejarse de la Unasur, urge el consenso y superar la designaci\u00f3n del nuevo secretario general.<\/p>\n<\/p>\n<p>   \u00abDe cara al futuro, es fundamental trabajar en la construcci\u00f3n de acuerdos, pero para eso es necesario que ciertas canciller\u00edas mejoren su capacidad de an\u00e1lisis sobre la coyuntura integradora\u00bb, dijo el entrevistado.<\/p>\n<\/p>\n<p>   A su vez, el ex ministro de Relaciones Exteriores de Bolivia, Gustavo Fern\u00e1ndez, manifest\u00f3 a Xinhua que el anuncio de los seis pa\u00edses termin\u00f3 de confirmar algo que era ya evidente.<\/p>\n<\/p>\n<p>   \u00abUna integraci\u00f3n latinoamericana afectada por el cambio ideol\u00f3gico y pol\u00edtico de las naciones que conforman este bloque regional, que inicialmente estuvo promovido por gobiernos y presidentes de la llamada izquierda progresista de la regi\u00f3n\u00bb, asever\u00f3 el ex canciller.<\/p>\n<\/p>\n<p>   Unasur se fund\u00f3 en 2008, cuando comenzaba a consolidarse el giro a la izquierda en Am\u00e9rica Latina, liderado por Lula da Silva en Brasil, Hugo Ch\u00e1vez en Venezuela, Evo Morales en Bolivia, Rafael Correa en Ecuador y Cristina Fern\u00e1ndez en Argentina.<\/p>\n<\/p>\n<p>   El ex canciller boliviano record\u00f3 que la Unasur ten\u00eda objetivos ambiciosos, como la creaci\u00f3n de una ciudadan\u00eda regional, para escapar de la hist\u00f3rica influencia de Estados Unidos. <\/p>\n<\/p>\n<p>   \u00abIncluso muchos de los gobiernos acordaron convertirla en el principal bloque continental para enfrentar a la Organizaci\u00f3n de los Estados Americanos (OEA), pero al parecer se diluy\u00f3 ese objetivo\u00bb, mencion\u00f3 el ex ministro de Exteriores.<\/p>\n<\/p>\n<p>   El propio presidente de Bolivia, Evo Morales, cuya naci\u00f3n ejerce la presidencia pro t\u00e9mpore de la Unasur, expuso que gestionar\u00e1 de manera personal la reactivaci\u00f3n del bloque regional, luego del anuncio de los seis pa\u00edses de suspender su participaci\u00f3n.<\/p>\n<\/p>\n<p>   Ambos expertos entrevistados por Xinhua coincidieron en se\u00f1alar que es momento de enfrentar la paulatina desintegraci\u00f3n promovida por el divorcio entre econom\u00eda y pol\u00edtica.<\/p>\n<\/p>\n<p>   Consideraron que el estado de suspenso en la Unasur es reflejo de la din\u00e1mica pol\u00edtica en Sudam\u00e9rica, que busca un \u00abnuevo equilibrio pol\u00edtico regional\u00bb, debido a que han emergido gobiernos con distintos lineamientos pol\u00edticos e ideol\u00f3gicos. Fin<\/p>\n<\/p>\n<h6> 2018-05-09 20:54:40 <\/h6>\n<p><!--\n<link rel=\"stylesheet\" href=\"css\/bootstrap.min.css\">\n\n\n<ul class=\"pagination\">\n\t    \n\t\n\n<li >\n\t<a href='?page_no=10313'>Previous<\/a>\n\t<\/li>\n\n\n       \n    \n\n<li><a href='?page_no=1'>1<\/a><\/li>\n\n\n\n<li><a href='?page_no=2'>2<\/a><\/li>\n\n\n\n<li><a>...<\/a><\/li>\n\n\n\n<li><a href='?page_no=10312'>10312<\/a><\/li>\n\n\n\n<li><a href='?page_no=10313'>10313<\/a><\/li>\n\n\n\n<li class='active'><a>10314<\/a><\/li>\n\n\n\n<li><a href='?page_no=10315'>10315<\/a><\/li>\n\n\n\n<li><a href='?page_no=10316'>10316<\/a><\/li>\n\n\n\n<li><a>...<\/a><\/li>\n\n\n\n<li><a href='?page_no=51012'>51012<\/a><\/li>\n\n\n\n<li><a href='?page_no=51013'>51013<\/a><\/li>\n\n    \n\t\n\n<li >\n\t<a href='?page_no=10315'>Next<\/a>\n\t<\/li>\n\n\n    \n\n<li><a href='?page_no=51013'>Last &rsaquo;&rsaquo;<\/a><\/li>\n\n<\/ul>\n\n\n--><br \/>\n<\/body><\/p>\n","protected":false},"excerpt":{"rendered":"<p>Por Ren\u00e9 Quenallata Paredes LA PAZ, 9 may (Xinhua) &#8211;&#8211; Se deben replantear alternativas para encarar la crisis de la Uni\u00f3n de Naciones Suramericanas (Unasur) y relanzarla con una mirada pol\u00edtica abierta, sin \u00abradicalismos antiimperialistas\u00bb y una integraci\u00f3n para el desarrollo, asever\u00f3 el profesor boliviano Franklin Rub\u00e9n Pareja. El director del post grado de ciencias [&hellip;]<\/p>\n","protected":false},"author":3,"featured_media":0,"comment_status":"open","ping_status":"open","sticky":false,"template":"","format":"standard","meta":{"footnotes":""},"categories":[23],"tags":[],"class_list":["post-230621","post","type-post","status-publish","format-standard","hentry","category-internacional"],"_links":{"self":[{"href":"https:\/\/diariodominicano.com\/index.php?rest_route=\/wp\/v2\/posts\/230621","targetHints":{"allow":["GET"]}}],"collection":[{"href":"https:\/\/diariodominicano.com\/index.php?rest_route=\/wp\/v2\/posts"}],"about":[{"href":"https:\/\/diariodominicano.com\/index.php?rest_route=\/wp\/v2\/types\/post"}],"author":[{"embeddable":true,"href":"https:\/\/diariodominicano.com\/index.php?rest_route=\/wp\/v2\/users\/3"}],"replies":[{"embeddable":true,"href":"https:\/\/diariodominicano.com\/index.php?rest_route=%2Fwp%2Fv2%2Fcomments&post=230621"}],"version-history":[{"count":0,"href":"https:\/\/diariodominicano.com\/index.php?rest_route=\/wp\/v2\/posts\/230621\/revisions"}],"wp:attachment":[{"href":"https:\/\/diariodominicano.com\/index.php?rest_route=%2Fwp%2Fv2%2Fmedia&parent=230621"}],"wp:term":[{"taxonomy":"category","embeddable":true,"href":"https:\/\/diariodominicano.com\/index.php?rest_route=%2Fwp%2Fv2%2Fcategories&post=230621"},{"taxonomy":"post_tag","embeddable":true,"href":"https:\/\/diariodominicano.com\/index.php?rest_route=%2Fwp%2Fv2%2Ftags&post=230621"}],"curies":[{"name":"wp","href":"https:\/\/api.w.org\/{rel}","templated":true}]}}