{"id":230618,"date":"2018-05-10T08:47:16","date_gmt":"2018-05-10T08:47:16","guid":{"rendered":"http:\/\/diariodominicano.ddns.net\/?p=230618"},"modified":"2018-05-10T08:47:16","modified_gmt":"2018-05-10T08:47:16","slug":"delegacion-del-consejo-economico-y-social-de-naciones-unidas-concluye-visita-a-haiti","status":"publish","type":"post","link":"https:\/\/diariodominicano.com\/?p=230618","title":{"rendered":"Delegaci\u00f3n del Consejo Econ\u00f3mico y Social de Naciones Unidas concluye visita a Hait\u00ed"},"content":{"rendered":"<p><body><\/p>\n<p><img decoding=\"async\" src=\"img3\/haiti10.jpg\" \/>  <\/p>\n<p><span class=\"text1noticias\">Puerto Pr\u00edncipe, 10 may (PL) Luego de tres d\u00edas de intercambio, miembros del Consejo Econ\u00f3mico y Social de Naciones Unidas concluyen hoy su vista a Hait\u00ed, que tuvo como objetivo evaluar la situaci\u00f3n socioecon\u00f3mica del pa\u00eds.<\/span><\/p>\n<p><span class=\"text1noticias\"> <\/span><\/p>\n<p><span class=\"text1noticias\">En su encuentro con el mandatario Jovenel Moise, la delegaci\u00f3n discuti\u00f3 las principales problem\u00e1ticas de orden social y econ\u00f3mica de la naci\u00f3n, as\u00ed como indag\u00f3 sobre las prioridades de desarrollo a largo plazo.<\/span><\/p>\n<p><span class=\"text1noticias\"> <\/span><\/p>\n<p><span class=\"text1noticias\">El jefe de Estado se\u00f1al\u00f3 que la estabilidad pol\u00edtica, la lucha contra la corrupci\u00f3n, el fortalecimiento del estado de derecho y la alineaci\u00f3n de los socios t\u00e9cnicos y financieros con las prioridades del gobierno, son esenciales para la reactivaci\u00f3n de las inversiones productivas, la paz y el desarrollo sostenible.<\/span><\/p>\n<p><span class=\"text1noticias\"> <\/span><\/p>\n<p><span class=\"text1noticias\">Durante su estancia, el Grupo Asesor Especial sobre Hait\u00ed del Consejo Econ\u00f3mico y Social de la ONU, tambi\u00e9n se reuni\u00f3 con otras autoridades haitianas, funcionarios del poder judicial, parlamentarios y representantes de la sociedad civil, as\u00ed como los l\u00edderes del sector privado.<\/span><\/p>\n<p><span class=\"text1noticias\"> <\/span><\/p>\n<p><span class=\"text1noticias\">Desde el 7 de mayo se dieron cita en Hait\u00ed embajadores de Canad\u00e1, Argentina, Bahamas, Belice, Benin, Brasil, Chile, Colombia, El Salvador, Espa\u00f1a, Estados Unidos, Francia, M\u00e9xico, Per\u00fa, Trinidad y Tobago, Uruguay y la Rep\u00fablica Checa.<\/span><\/p>\n<p><span class=\"text1noticias\"> <\/span><\/p>\n<p><span class=\"text1noticias\">El resultado de estos encuentros ser\u00e1 publicado en un informe, donde se incluir\u00e1n las principales recomendaciones, y ser\u00e1 presentado en la reuni\u00f3n de coordinaci\u00f3n y gesti\u00f3n prevista para julio pr\u00f3ximo.<\/span><\/p>\n<p><span class=\"text1noticias\"> <\/span><\/p>\n<p><span class=\"text1noticias\">El Consejo Econ\u00f3mico y Social es uno de los seis principales organismos de las Naciones Unidas y son responsables de establecer normas y formular sugerencias para reducir la pobreza, mejorar la salud y la educaci\u00f3n, promover el respeto de los derechos humanos hombre y el medio ambiente.<\/span><\/p>\n<p><span class=\"text1noticias\"> <\/span><\/p>\n<p><span class=\"text1noticias\">En mayo pasado realizaron una visita con objetivos similares a la naci\u00f3n caribe\u00f1a que ratific\u00f3 su compromiso de apoyar al pa\u00eds en su desa<\/span>rrollo.<\/p>\n<h6> 2018-05-10 08:47:16 <\/h6>\n<p><!--\n<link rel=\"stylesheet\" href=\"css\/bootstrap.min.css\">\n\n\n<ul class=\"pagination\">\n\t    \n\t\n\n<li >\n\t<a href='?page_no=10310'>Previous<\/a>\n\t<\/li>\n\n\n       \n    \n\n<li><a href='?page_no=1'>1<\/a><\/li>\n\n\n\n<li><a href='?page_no=2'>2<\/a><\/li>\n\n\n\n<li><a>...<\/a><\/li>\n\n\n\n<li><a href='?page_no=10309'>10309<\/a><\/li>\n\n\n\n<li><a href='?page_no=10310'>10310<\/a><\/li>\n\n\n\n<li class='active'><a>10311<\/a><\/li>\n\n\n\n<li><a href='?page_no=10312'>10312<\/a><\/li>\n\n\n\n<li><a href='?page_no=10313'>10313<\/a><\/li>\n\n\n\n<li><a>...<\/a><\/li>\n\n\n\n<li><a href='?page_no=51012'>51012<\/a><\/li>\n\n\n\n<li><a href='?page_no=51013'>51013<\/a><\/li>\n\n    \n\t\n\n<li >\n\t<a href='?page_no=10312'>Next<\/a>\n\t<\/li>\n\n\n    \n\n<li><a href='?page_no=51013'>Last &rsaquo;&rsaquo;<\/a><\/li>\n\n<\/ul>\n\n\n--><br \/>\n<\/body><\/p>\n","protected":false},"excerpt":{"rendered":"<p>Puerto Pr\u00edncipe, 10 may (PL) Luego de tres d\u00edas de intercambio, miembros del Consejo Econ\u00f3mico y Social de Naciones Unidas concluyen hoy su vista a Hait\u00ed, que tuvo como objetivo evaluar la situaci\u00f3n socioecon\u00f3mica del pa\u00eds. En su encuentro con el mandatario Jovenel Moise, la delegaci\u00f3n discuti\u00f3 las principales problem\u00e1ticas de orden social y econ\u00f3mica [&hellip;]<\/p>\n","protected":false},"author":3,"featured_media":0,"comment_status":"open","ping_status":"open","sticky":false,"template":"","format":"standard","meta":{"footnotes":""},"categories":[23],"tags":[],"class_list":["post-230618","post","type-post","status-publish","format-standard","hentry","category-internacional"],"_links":{"self":[{"href":"https:\/\/diariodominicano.com\/index.php?rest_route=\/wp\/v2\/posts\/230618","targetHints":{"allow":["GET"]}}],"collection":[{"href":"https:\/\/diariodominicano.com\/index.php?rest_route=\/wp\/v2\/posts"}],"about":[{"href":"https:\/\/diariodominicano.com\/index.php?rest_route=\/wp\/v2\/types\/post"}],"author":[{"embeddable":true,"href":"https:\/\/diariodominicano.com\/index.php?rest_route=\/wp\/v2\/users\/3"}],"replies":[{"embeddable":true,"href":"https:\/\/diariodominicano.com\/index.php?rest_route=%2Fwp%2Fv2%2Fcomments&post=230618"}],"version-history":[{"count":0,"href":"https:\/\/diariodominicano.com\/index.php?rest_route=\/wp\/v2\/posts\/230618\/revisions"}],"wp:attachment":[{"href":"https:\/\/diariodominicano.com\/index.php?rest_route=%2Fwp%2Fv2%2Fmedia&parent=230618"}],"wp:term":[{"taxonomy":"category","embeddable":true,"href":"https:\/\/diariodominicano.com\/index.php?rest_route=%2Fwp%2Fv2%2Fcategories&post=230618"},{"taxonomy":"post_tag","embeddable":true,"href":"https:\/\/diariodominicano.com\/index.php?rest_route=%2Fwp%2Fv2%2Ftags&post=230618"}],"curies":[{"name":"wp","href":"https:\/\/api.w.org\/{rel}","templated":true}]}}