{"id":230617,"date":"2018-05-10T09:18:14","date_gmt":"2018-05-10T09:18:14","guid":{"rendered":"http:\/\/diariodominicano.ddns.net\/?p=230617"},"modified":"2018-05-10T09:18:14","modified_gmt":"2018-05-10T09:18:14","slug":"todos-los-presos-terroristas-se-entregan-tras-operacion-de-policia-en-carcel-indonesia","status":"publish","type":"post","link":"https:\/\/diariodominicano.com\/?p=230617","title":{"rendered":"Todos los presos terroristas se entregan tras operaci\u00f3n de polic\u00eda en c\u00e1rcel indonesia"},"content":{"rendered":"<p><body><\/p>\n<p><span class=\"text1noticias\">     YAKARTA, 10 may (Xinhua) &#8212; Todos los presos terroristas se entregaron a la polic\u00eda el jueves, tras un intercambio de fuego entre las dos partes en un c\u00e1rcel durante una operaci\u00f3n lanzada por la polic\u00eda indonesia, anunci\u00f3 el ministro en jefe de seguridad del pa\u00eds.<\/span><\/p>\n<p><span class=\"text1noticias\"> <\/span><\/p>\n<p><span class=\"text1noticias\">     El ministro coordinador para Asuntos Pol\u00edticos, Jur\u00eddicos y de Seguridad, Wiranto, dijo que la operaci\u00f3n para retomar el control de la c\u00e1rcel concluy\u00f3 a las 07:15 horal local.<\/span><\/p>\n<p><span class=\"text1noticias\"> <\/span><\/p>\n<p><span class=\"text1noticias\">     \u00abEn la operaci\u00f3n, los \u00faltimos diez militantes se rindieron, as\u00ed que los 155 terroristas presos abandonaron su lucha\u00bb, dijo el ministro.<\/span><\/p>\n<p><span class=\"text1noticias\"> <\/span><\/p>\n<p><span class=\"text1noticias\">     No hubo bajas durante la toma de la c\u00e1rcel, que hab\u00eda quedado en manos de los presos tras un mot\u00edn, seg\u00fan el comisario en jefe adjunto de la polic\u00eda, general Syafruddin.<\/span><\/p>\n<p><span class=\"text1noticias\"> <\/span><\/p>\n<p><span class=\"text1noticias\">     Horas antes de la operaci\u00f3n, la polic\u00eda rescat\u00f3 a un miembro de un equipo antiterrorista quien hab\u00eda sido tomado como reh\u00e9n durante el mot\u00edn, despu\u00e9s de acordar cumplir las exigencias alimentarias de los terroristas, revel\u00f3 el portavoz de la polic\u00eda nacional, general de brigada Setyo Wasisto.<\/span><\/p>\n<p><span class=\"text1noticias\"> <\/span><\/p>\n<p><span class=\"text1noticias\">     Los terroristas presos se hicieron con las armas de cinco polic\u00edas antiterroristas quienes murieron el mi\u00e9rcoles durante el enfrentamiento en la c\u00e1rcel, ubicada en las afueras de la capital indonesia.<\/span><\/p>\n<p><span class=\"text1noticias\"> <\/span><\/p>\n<p><span class=\"text1noticias\">     Uno de los presos terroristas fue abatido en el enfrentamiento que se desat\u00f3 la noche del martes y fue causado por el rechazo de los presos a los controles impuestos por las autoridades de la c\u00e1rcel a los alimentos que les llevaban, confirm\u00f3 el v<\/span>ocero.<\/p>\n<h6> 2018-05-10 09:18:14 <\/h6>\n<p><!--\n<link rel=\"stylesheet\" href=\"css\/bootstrap.min.css\">\n\n\n<ul class=\"pagination\">\n\t    \n\t\n\n<li >\n\t<a href='?page_no=10309'>Previous<\/a>\n\t<\/li>\n\n\n       \n    \n\n<li><a href='?page_no=1'>1<\/a><\/li>\n\n\n\n<li><a href='?page_no=2'>2<\/a><\/li>\n\n\n\n<li><a>...<\/a><\/li>\n\n\n\n<li><a href='?page_no=10308'>10308<\/a><\/li>\n\n\n\n<li><a href='?page_no=10309'>10309<\/a><\/li>\n\n\n\n<li class='active'><a>10310<\/a><\/li>\n\n\n\n<li><a href='?page_no=10311'>10311<\/a><\/li>\n\n\n\n<li><a href='?page_no=10312'>10312<\/a><\/li>\n\n\n\n<li><a>...<\/a><\/li>\n\n\n\n<li><a href='?page_no=51012'>51012<\/a><\/li>\n\n\n\n<li><a href='?page_no=51013'>51013<\/a><\/li>\n\n    \n\t\n\n<li >\n\t<a href='?page_no=10311'>Next<\/a>\n\t<\/li>\n\n\n    \n\n<li><a href='?page_no=51013'>Last &rsaquo;&rsaquo;<\/a><\/li>\n\n<\/ul>\n\n\n--><br \/>\n<\/body><\/p>\n","protected":false},"excerpt":{"rendered":"<p>YAKARTA, 10 may (Xinhua) &#8212; Todos los presos terroristas se entregaron a la polic\u00eda el jueves, tras un intercambio de fuego entre las dos partes en un c\u00e1rcel durante una operaci\u00f3n lanzada por la polic\u00eda indonesia, anunci\u00f3 el ministro en jefe de seguridad del pa\u00eds. El ministro coordinador para Asuntos Pol\u00edticos, Jur\u00eddicos y de Seguridad, [&hellip;]<\/p>\n","protected":false},"author":3,"featured_media":0,"comment_status":"open","ping_status":"open","sticky":false,"template":"","format":"standard","meta":{"footnotes":""},"categories":[23],"tags":[],"class_list":["post-230617","post","type-post","status-publish","format-standard","hentry","category-internacional"],"_links":{"self":[{"href":"https:\/\/diariodominicano.com\/index.php?rest_route=\/wp\/v2\/posts\/230617","targetHints":{"allow":["GET"]}}],"collection":[{"href":"https:\/\/diariodominicano.com\/index.php?rest_route=\/wp\/v2\/posts"}],"about":[{"href":"https:\/\/diariodominicano.com\/index.php?rest_route=\/wp\/v2\/types\/post"}],"author":[{"embeddable":true,"href":"https:\/\/diariodominicano.com\/index.php?rest_route=\/wp\/v2\/users\/3"}],"replies":[{"embeddable":true,"href":"https:\/\/diariodominicano.com\/index.php?rest_route=%2Fwp%2Fv2%2Fcomments&post=230617"}],"version-history":[{"count":0,"href":"https:\/\/diariodominicano.com\/index.php?rest_route=\/wp\/v2\/posts\/230617\/revisions"}],"wp:attachment":[{"href":"https:\/\/diariodominicano.com\/index.php?rest_route=%2Fwp%2Fv2%2Fmedia&parent=230617"}],"wp:term":[{"taxonomy":"category","embeddable":true,"href":"https:\/\/diariodominicano.com\/index.php?rest_route=%2Fwp%2Fv2%2Fcategories&post=230617"},{"taxonomy":"post_tag","embeddable":true,"href":"https:\/\/diariodominicano.com\/index.php?rest_route=%2Fwp%2Fv2%2Ftags&post=230617"}],"curies":[{"name":"wp","href":"https:\/\/api.w.org\/{rel}","templated":true}]}}