{"id":230614,"date":"2018-05-10T13:27:51","date_gmt":"2018-05-10T13:27:51","guid":{"rendered":"http:\/\/diariodominicano.ddns.net\/?p=230614"},"modified":"2018-05-10T13:27:51","modified_gmt":"2018-05-10T13:27:51","slug":"merkel-reitera-compromiso-con-acuerdo-nuclear-durante-conversacion-con-presidente-irani","status":"publish","type":"post","link":"https:\/\/diariodominicano.com\/?p=230614","title":{"rendered":"Merkel reitera compromiso con acuerdo nuclear durante conversaci\u00f3n con presidente iran\u00ed"},"content":{"rendered":"<p><body><\/p>\n<p><img decoding=\"async\" src=\"img3\/merkel.jpg\" \/>  <\/p>\n<p><span class=\"text1noticias\">     BERLIN, 10 may (Xinhua) &#8212; Alemania seguir\u00e1 apeg\u00e1ndose al acuerdo nuclear iran\u00ed, dijo la canciller alemana Angela Merkel en una conversaci\u00f3n telef\u00f3nica con el presidente de Ir\u00e1n Hassan Rouhani, inform\u00f3 hoy la agencia alemana DPA.<\/span><\/p>\n<p><span class=\"text1noticias\"> <\/span><\/p>\n<p><span class=\"text1noticias\">     Merkel dijo a Rouhani que el gobierno en Teher\u00e1n debe seguir cumpliendo con sus obligaciones de conformidad con el acuerdo y conden\u00f3 los ataques de Ir\u00e1n contra posiciones militares israel\u00edes en la meseta del Gol\u00e1n, dijo el vocero del gobierno alem\u00e1n Steffen Seibert.<\/span><\/p>\n<p><span class=\"text1noticias\"> <\/span><\/p>\n<p><span class=\"text1noticias\">     De acuerdo con Seibert, Merkel se mostr\u00f3 a favor de entablar conversaciones multilaterales con Ir\u00e1n sobre su programa de misiles bal\u00edsticos y sobre sus actividades en la regi\u00f3<\/span>n.<\/p>\n<h6> 2018-05-10 13:27:51 <\/h6>\n<p><!--\n<link rel=\"stylesheet\" href=\"css\/bootstrap.min.css\">\n\n\n<ul class=\"pagination\">\n\t    \n\t\n\n<li >\n\t<a href='?page_no=10307'>Previous<\/a>\n\t<\/li>\n\n\n       \n    \n\n<li><a href='?page_no=1'>1<\/a><\/li>\n\n\n\n<li><a href='?page_no=2'>2<\/a><\/li>\n\n\n\n<li><a>...<\/a><\/li>\n\n\n\n<li><a href='?page_no=10306'>10306<\/a><\/li>\n\n\n\n<li><a href='?page_no=10307'>10307<\/a><\/li>\n\n\n\n<li class='active'><a>10308<\/a><\/li>\n\n\n\n<li><a href='?page_no=10309'>10309<\/a><\/li>\n\n\n\n<li><a href='?page_no=10310'>10310<\/a><\/li>\n\n\n\n<li><a>...<\/a><\/li>\n\n\n\n<li><a href='?page_no=51012'>51012<\/a><\/li>\n\n\n\n<li><a href='?page_no=51013'>51013<\/a><\/li>\n\n    \n\t\n\n<li >\n\t<a href='?page_no=10309'>Next<\/a>\n\t<\/li>\n\n\n    \n\n<li><a href='?page_no=51013'>Last &rsaquo;&rsaquo;<\/a><\/li>\n\n<\/ul>\n\n\n--><br \/>\n<\/body><\/p>\n","protected":false},"excerpt":{"rendered":"<p>BERLIN, 10 may (Xinhua) &#8212; Alemania seguir\u00e1 apeg\u00e1ndose al acuerdo nuclear iran\u00ed, dijo la canciller alemana Angela Merkel en una conversaci\u00f3n telef\u00f3nica con el presidente de Ir\u00e1n Hassan Rouhani, inform\u00f3 hoy la agencia alemana DPA. Merkel dijo a Rouhani que el gobierno en Teher\u00e1n debe seguir cumpliendo con sus obligaciones de conformidad con el acuerdo [&hellip;]<\/p>\n","protected":false},"author":3,"featured_media":0,"comment_status":"open","ping_status":"open","sticky":false,"template":"","format":"standard","meta":{"footnotes":""},"categories":[23],"tags":[],"class_list":["post-230614","post","type-post","status-publish","format-standard","hentry","category-internacional"],"_links":{"self":[{"href":"https:\/\/diariodominicano.com\/index.php?rest_route=\/wp\/v2\/posts\/230614","targetHints":{"allow":["GET"]}}],"collection":[{"href":"https:\/\/diariodominicano.com\/index.php?rest_route=\/wp\/v2\/posts"}],"about":[{"href":"https:\/\/diariodominicano.com\/index.php?rest_route=\/wp\/v2\/types\/post"}],"author":[{"embeddable":true,"href":"https:\/\/diariodominicano.com\/index.php?rest_route=\/wp\/v2\/users\/3"}],"replies":[{"embeddable":true,"href":"https:\/\/diariodominicano.com\/index.php?rest_route=%2Fwp%2Fv2%2Fcomments&post=230614"}],"version-history":[{"count":0,"href":"https:\/\/diariodominicano.com\/index.php?rest_route=\/wp\/v2\/posts\/230614\/revisions"}],"wp:attachment":[{"href":"https:\/\/diariodominicano.com\/index.php?rest_route=%2Fwp%2Fv2%2Fmedia&parent=230614"}],"wp:term":[{"taxonomy":"category","embeddable":true,"href":"https:\/\/diariodominicano.com\/index.php?rest_route=%2Fwp%2Fv2%2Fcategories&post=230614"},{"taxonomy":"post_tag","embeddable":true,"href":"https:\/\/diariodominicano.com\/index.php?rest_route=%2Fwp%2Fv2%2Ftags&post=230614"}],"curies":[{"name":"wp","href":"https:\/\/api.w.org\/{rel}","templated":true}]}}