{"id":230613,"date":"2018-05-10T13:44:45","date_gmt":"2018-05-10T13:44:45","guid":{"rendered":"http:\/\/diariodominicano.ddns.net\/?p=230613"},"modified":"2018-05-10T13:44:45","modified_gmt":"2018-05-10T13:44:45","slug":"argentinos-se-mantienen-a-la-expectativa-ante-alza-del-dolar","status":"publish","type":"post","link":"https:\/\/diariodominicano.com\/?p=230613","title":{"rendered":"Argentinos se mantienen a la expectativa ante alza del d\u00f3lar"},"content":{"rendered":"<p><body><\/p>\n<p><img decoding=\"async\" src=\"img3\/Argentina10.jpg\" \/>  <\/p>\n<p><span class=\"text1noticias\">     Por Victoria Arg\u00fcello<\/span><\/p>\n<p><span class=\"text1noticias\"> <\/span><\/p>\n<p><span class=\"text1noticias\">     BUENOS AIRES, 10 may (Xinhua) &#8212; Los argentinos se mantienen a la expectativa ante la volatilidad cambiaria acentuada la semana pasada, cuando el d\u00f3lar alcanz\u00f3 los 23,30 pesos por divisa estadounidense, motivando un pronunciamiento urgente del equipo econ\u00f3mico del gobierno del presidente Mauricio Macri.<\/span><\/p>\n<p><span class=\"text1noticias\"> <\/span><\/p>\n<p><span class=\"text1noticias\">     La poblaci\u00f3n se muestra preocupada por la merma de la capacidad de ahorro, eventuales alzas en los servicios p\u00fablicos y una situaci\u00f3n peor para la inflaci\u00f3n, que ya se ubica como la segunda mayor de Am\u00e9rica Latina.<\/span><\/p>\n<p><span class=\"text1noticias\"> <\/span><\/p>\n<p><span class=\"text1noticias\">     \u00abMe preocupa que el alza del d\u00f3lar provoque que los precios vayan aumentando, pues eso es lo que estamos acostumbrados a ver\u00bb, se\u00f1al\u00f3 a Xinhua Dariana Fajardo, m\u00e9dico general de 27 a\u00f1os, en Buenos Aires.<\/span><\/p>\n<p><span class=\"text1noticias\"> <\/span><\/p>\n<p><span class=\"text1noticias\">     \u00abEl costo de la vida aumenta, la canasta b\u00e1sica tambi\u00e9n y, por ende, los productos de primera necesidad, as\u00ed como las medicinas\u00bb, agreg\u00f3.<\/span><\/p>\n<p><span class=\"text1noticias\"> <\/span><\/p>\n<p><span class=\"text1noticias\">     La depreciaci\u00f3n del peso frente al d\u00f3lar rond\u00f3 el 11 por ciento a comienzos de mayo, lo cual llev\u00f3 a que el Banco Central (BCRA) elevara la tasa de pol\u00edtica monetaria al 40 por ciento para recuperar el atractivo de las posiciones en moneda local hacia los inversionistas y ahorristas.<\/span><\/p>\n<p><span class=\"text1noticias\"> <\/span><\/p>\n<p><span class=\"text1noticias\">     La autoridad monetaria, que no ha dejado de ofertar d\u00f3lares y en algunos casos lo ha hecho sin tocar las reservas, tambi\u00e9n redujo del 30 al 10 por ciento la tenencia de divisas de bancos y entes financieros, lo que volcar\u00eda al mercado el uso de 1.500 millones de d\u00f3lares.<\/span><\/p>\n<p><span class=\"text1noticias\"> <\/span><\/p>\n<p><span class=\"text1noticias\">     De acuerdo con Fajardo, el alza del d\u00f3lar afecta adem\u00e1s la capacidad del ahorro, hecho que har\u00e1 migrar a los ahorristas hacia el d\u00f3lar, abandonando la moneda local.<\/span><\/p>\n<p><span class=\"text1noticias\"> <\/span><\/p>\n<p><span class=\"text1noticias\">     \u00abSi tienes ahorros en pesos, al aumentar el d\u00f3lar se deprecia el peso y no va a rendir el dinero para futuras compras; entonces nos ver\u00edamos en la necesidad de ahorrar en d\u00f3lares para que no se deval\u00faen nuestros ahorros\u00bb, expres\u00f3.<\/span><\/p>\n<p><span class=\"text1noticias\"> <\/span><\/p>\n<p><span class=\"text1noticias\">     Para Martina Cruz, docente de unos 40 a\u00f1os, la escalada del d\u00f3lar puede afectar el poder adquisitivo, adem\u00e1s de que es inevitable el ascenso de la inflaci\u00f3n.<\/span><\/p>\n<p><span class=\"text1noticias\"> <\/span><\/p>\n<p><span class=\"text1noticias\">     \u00abPor suerte, Argentina es un pa\u00eds con producci\u00f3n nacional y eso es algo que debe beneficiar. En caso de que aumenten los precios de las cosas, espero que no se vea afectada la salud p\u00fablica ni la educaci\u00f3n\u00bb, sostuvo.<\/span><\/p>\n<p><span class=\"text1noticias\"> <\/span><\/p>\n<p><span class=\"text1noticias\">     Argentina cuenta con una econom\u00eda diversificada, \u00abhay muchos bienes que se importan\u00bb, se\u00f1al\u00f3 Emilio Padilla, comunicador social residente en la Capital Federal desde hace dos a\u00f1os, quien agreg\u00f3 que \u00abtodo lo cual se traducir\u00e1 en un aumento ineludible de precios\u00bb.<\/span><\/p>\n<p><span class=\"text1noticias\"> <\/span><\/p>\n<p><span class=\"text1noticias\">     Padilla se refiri\u00f3 al acuerdo que anunci\u00f3 este jueves el gobierno de Argentina con el Fondo Monetario Internacional (FMI) para obtener una l\u00ednea de apoyo financiero de tipo \u00abstand by\u00bb, por un monto y condiciones por establecer a\u00fan.<\/span><\/p>\n<p><span class=\"text1noticias\"> <\/span><\/p>\n<p><span class=\"text1noticias\">     Sin embargo, Padilla expres\u00f3 su preocupaci\u00f3n porque las condiciones que solicite el FMI vayan \u00abdirigidas al detrimento social\u00bb, es decir, a una \u00abbaja en los beneficios laborales, ajustes a la baja de los subsidios y otro tipo de f\u00f3rmulas que afecten a los sectores m\u00e1s vulnerables\u00bb.<\/span><\/p>\n<p><span class=\"text1noticias\"> <\/span><\/p>\n<p><span class=\"text1noticias\">     El gobierno de Argentina ha dicho que el financiamiento que pedir\u00e1n al organismo tiene car\u00e1cter \u00abpreventivo\u00bb ante la volatilidad cambiaria que se presenta en el pa\u00eds, adem\u00e1s de asegurar que es uno de los cr\u00e9ditos m\u00e1s \u00abbaratos\u00bb de los cuales puede disponer el pa\u00eds.<\/span><\/p>\n<p><span class=\"text1noticias\"> <\/span><\/p>\n<p><span class=\"text1noticias\">     Eglimar Melero, tambi\u00e9n docente en la ciudad porte\u00f1a, asegur\u00f3 que el alza del d\u00f3lar, adem\u00e1s de imposibilitarle ahorrar en moneda local, \u00abrepresenta el peligro de disparar la inflaci\u00f3n por devaluaci\u00f3n y eso no es conveniente para quienes vivimos de un salario\u00bb.<\/span><\/p>\n<p><span class=\"text1noticias\"> <\/span><\/p>\n<p><span class=\"text1noticias\">     Por su parte, Daries Padr\u00f3n, publicista de 27 a\u00f1os, indic\u00f3 que la situaci\u00f3n nacional, en la que se incluye no s\u00f3lo el avance de la divisa estadounidense sino tambi\u00e9n el aumento de las tarifas a decisi\u00f3n del Ejecutivo y los acuerdos financieros a nivel internacional, tienden a generar un \u00abestado de alerta\u00bb.<\/span><\/p>\n<p><span class=\"text1noticias\"> <\/span><\/p>\n<p><span class=\"text1noticias\">     \u00ab(Todo ello) genera un estado de alerta en la poblaci\u00f3n porque no se sabe hasta d\u00f3nde va a aumentar todo\u00bb, explic\u00f3.<\/span><\/p>\n<p><span class=\"text1noticias\"> <\/span><\/p>\n<p><span class=\"text1noticias\">     \u00abEn mi caso, me hace dudar si comprar o no alg\u00fan bien, a qu\u00e9 montos se ubicar\u00e1n los boletos a\u00e9reos, no s\u00e9 si es mejor invertir dinero en activos f\u00edsicos o comprar d\u00f3lares\u00bb, <\/span>coment\u00f3 a Xinhua. <\/p>\n<h6> 2018-05-10 13:44:45 <\/h6>\n<p><!--\n<link rel=\"stylesheet\" href=\"css\/bootstrap.min.css\">\n\n\n<ul class=\"pagination\">\n\t    \n\t\n\n<li >\n\t<a href='?page_no=10306'>Previous<\/a>\n\t<\/li>\n\n\n       \n    \n\n<li><a href='?page_no=1'>1<\/a><\/li>\n\n\n\n<li><a href='?page_no=2'>2<\/a><\/li>\n\n\n\n<li><a>...<\/a><\/li>\n\n\n\n<li><a href='?page_no=10305'>10305<\/a><\/li>\n\n\n\n<li><a href='?page_no=10306'>10306<\/a><\/li>\n\n\n\n<li class='active'><a>10307<\/a><\/li>\n\n\n\n<li><a href='?page_no=10308'>10308<\/a><\/li>\n\n\n\n<li><a href='?page_no=10309'>10309<\/a><\/li>\n\n\n\n<li><a>...<\/a><\/li>\n\n\n\n<li><a href='?page_no=51012'>51012<\/a><\/li>\n\n\n\n<li><a href='?page_no=51013'>51013<\/a><\/li>\n\n    \n\t\n\n<li >\n\t<a href='?page_no=10308'>Next<\/a>\n\t<\/li>\n\n\n    \n\n<li><a href='?page_no=51013'>Last &rsaquo;&rsaquo;<\/a><\/li>\n\n<\/ul>\n\n\n--><br \/>\n<\/body><\/p>\n","protected":false},"excerpt":{"rendered":"<p>Por Victoria Arg\u00fcello BUENOS AIRES, 10 may (Xinhua) &#8212; Los argentinos se mantienen a la expectativa ante la volatilidad cambiaria acentuada la semana pasada, cuando el d\u00f3lar alcanz\u00f3 los 23,30 pesos por divisa estadounidense, motivando un pronunciamiento urgente del equipo econ\u00f3mico del gobierno del presidente Mauricio Macri. La poblaci\u00f3n se muestra preocupada por la merma [&hellip;]<\/p>\n","protected":false},"author":3,"featured_media":0,"comment_status":"open","ping_status":"open","sticky":false,"template":"","format":"standard","meta":{"footnotes":""},"categories":[23],"tags":[],"class_list":["post-230613","post","type-post","status-publish","format-standard","hentry","category-internacional"],"_links":{"self":[{"href":"https:\/\/diariodominicano.com\/index.php?rest_route=\/wp\/v2\/posts\/230613","targetHints":{"allow":["GET"]}}],"collection":[{"href":"https:\/\/diariodominicano.com\/index.php?rest_route=\/wp\/v2\/posts"}],"about":[{"href":"https:\/\/diariodominicano.com\/index.php?rest_route=\/wp\/v2\/types\/post"}],"author":[{"embeddable":true,"href":"https:\/\/diariodominicano.com\/index.php?rest_route=\/wp\/v2\/users\/3"}],"replies":[{"embeddable":true,"href":"https:\/\/diariodominicano.com\/index.php?rest_route=%2Fwp%2Fv2%2Fcomments&post=230613"}],"version-history":[{"count":0,"href":"https:\/\/diariodominicano.com\/index.php?rest_route=\/wp\/v2\/posts\/230613\/revisions"}],"wp:attachment":[{"href":"https:\/\/diariodominicano.com\/index.php?rest_route=%2Fwp%2Fv2%2Fmedia&parent=230613"}],"wp:term":[{"taxonomy":"category","embeddable":true,"href":"https:\/\/diariodominicano.com\/index.php?rest_route=%2Fwp%2Fv2%2Fcategories&post=230613"},{"taxonomy":"post_tag","embeddable":true,"href":"https:\/\/diariodominicano.com\/index.php?rest_route=%2Fwp%2Fv2%2Ftags&post=230613"}],"curies":[{"name":"wp","href":"https:\/\/api.w.org\/{rel}","templated":true}]}}