{"id":230611,"date":"2018-05-10T15:56:09","date_gmt":"2018-05-10T15:56:09","guid":{"rendered":"http:\/\/diariodominicano.ddns.net\/?p=230611"},"modified":"2018-05-10T15:56:09","modified_gmt":"2018-05-10T15:56:09","slug":"china-aboga-por-progreso-y-estabilidad-en-lazos-con-japon","status":"publish","type":"post","link":"https:\/\/diariodominicano.com\/?p=230611","title":{"rendered":"China aboga por progreso y estabilidad en lazos con Jap\u00f3n"},"content":{"rendered":"<p><body><\/p>\n<p><img decoding=\"async\" src=\"img3\/chinajapon.jpg\" \/>  <\/p>\n<\/p>\n<p><span class=\"text1noticias\">Tokio, 10 may (PL) El primer ministro de China, Li Keqiang, abog\u00f3 por hoy por garantizar que el progreso y la estabilidad sean en lo adelante las bases de las relaciones con Jap\u00f3n, mientras los dos pa\u00edses avanzan en normalizarlas.<\/span><\/p>\n<\/p>\n<p><span class=\"text1noticias\">A su juicio, esa es la mejor manera de conmemorar los 40 a\u00f1os de la firma del tratado bilateral de Paz y Amistad, el cual calific\u00f3 de un hito en los nexos de ambos estados que permiti\u00f3 alcanzar logros significativos bajo la gu\u00eda de sus principios.<\/span><\/p>\n<\/p>\n<p><span class=\"text1noticias\">Li indic\u00f3 que China y Jap\u00f3n se encuentran en un nuevo punto de partida para procurar que sus lazos vuelvan a la senda del buen desarrollo y dejen atr\u00e1s los desencuentros que los distanciaron en los \u00faltimos tiempos.<\/span><\/p>\n<\/p>\n<p><span class=\"text1noticias\">El primer ministro hizo estas declaraciones en una ceremonia en Tokio por el aniversario 40 de dicho tratado pac\u00edfico.<\/span><\/p>\n<\/p>\n<p><span class=\"text1noticias\">Antes, convers\u00f3 con el emperador Akihito sobre el mismo tema y los dos coincidieron en la necesidad de normalizar por completo los nexos entre sus estados.<\/span><\/p>\n<\/p>\n<p><span class=\"text1noticias\">Li es el primer funcionario chino con su cargo que viaja a Jap\u00f3n en ocho a\u00f1os.<\/span><\/p>\n<\/p>\n<p><span class=\"text1noticias\">Su visita se produce luego del viaje a mediados de abril aqu\u00ed del ministro de Relaciones Exteriores, Wang Yi, para retomar el cuarto di\u00e1logo intergubernamental con la naci\u00f3n nipona sobre temas econ\u00f3micos, con la perspectiva de preparar futuros intercambios entre sus m\u00e1ximos gobernantes.<\/span><\/p>\n<\/p>\n<p><span class=\"text1noticias\">Ayer, Li y el primer ministro japon\u00e9s, Shinzo Abe, conversaron, presenciaron la firma de varios acuerdos econ\u00f3micos y sostuvieron una cumbre con el presidente de Corea del Sur, Moon Jae-in.<\/span><\/p>\n<\/p>\n<h6> 2018-05-10 15:56:09 <\/h6>\n<p><!--\n<link rel=\"stylesheet\" href=\"css\/bootstrap.min.css\">\n\n\n<ul class=\"pagination\">\n\t    \n\t\n\n<li >\n\t<a href='?page_no=10304'>Previous<\/a>\n\t<\/li>\n\n\n       \n    \n\n<li><a href='?page_no=1'>1<\/a><\/li>\n\n\n\n<li><a href='?page_no=2'>2<\/a><\/li>\n\n\n\n<li><a>...<\/a><\/li>\n\n\n\n<li><a href='?page_no=10303'>10303<\/a><\/li>\n\n\n\n<li><a href='?page_no=10304'>10304<\/a><\/li>\n\n\n\n<li class='active'><a>10305<\/a><\/li>\n\n\n\n<li><a href='?page_no=10306'>10306<\/a><\/li>\n\n\n\n<li><a href='?page_no=10307'>10307<\/a><\/li>\n\n\n\n<li><a>...<\/a><\/li>\n\n\n\n<li><a href='?page_no=51012'>51012<\/a><\/li>\n\n\n\n<li><a href='?page_no=51013'>51013<\/a><\/li>\n\n    \n\t\n\n<li >\n\t<a href='?page_no=10306'>Next<\/a>\n\t<\/li>\n\n\n    \n\n<li><a href='?page_no=51013'>Last &rsaquo;&rsaquo;<\/a><\/li>\n\n<\/ul>\n\n\n--><br \/>\n<\/body><\/p>\n","protected":false},"excerpt":{"rendered":"<p>Tokio, 10 may (PL) El primer ministro de China, Li Keqiang, abog\u00f3 por hoy por garantizar que el progreso y la estabilidad sean en lo adelante las bases de las relaciones con Jap\u00f3n, mientras los dos pa\u00edses avanzan en normalizarlas. A su juicio, esa es la mejor manera de conmemorar los 40 a\u00f1os de la [&hellip;]<\/p>\n","protected":false},"author":3,"featured_media":0,"comment_status":"open","ping_status":"open","sticky":false,"template":"","format":"standard","meta":{"footnotes":""},"categories":[23],"tags":[],"class_list":["post-230611","post","type-post","status-publish","format-standard","hentry","category-internacional"],"_links":{"self":[{"href":"https:\/\/diariodominicano.com\/index.php?rest_route=\/wp\/v2\/posts\/230611","targetHints":{"allow":["GET"]}}],"collection":[{"href":"https:\/\/diariodominicano.com\/index.php?rest_route=\/wp\/v2\/posts"}],"about":[{"href":"https:\/\/diariodominicano.com\/index.php?rest_route=\/wp\/v2\/types\/post"}],"author":[{"embeddable":true,"href":"https:\/\/diariodominicano.com\/index.php?rest_route=\/wp\/v2\/users\/3"}],"replies":[{"embeddable":true,"href":"https:\/\/diariodominicano.com\/index.php?rest_route=%2Fwp%2Fv2%2Fcomments&post=230611"}],"version-history":[{"count":0,"href":"https:\/\/diariodominicano.com\/index.php?rest_route=\/wp\/v2\/posts\/230611\/revisions"}],"wp:attachment":[{"href":"https:\/\/diariodominicano.com\/index.php?rest_route=%2Fwp%2Fv2%2Fmedia&parent=230611"}],"wp:term":[{"taxonomy":"category","embeddable":true,"href":"https:\/\/diariodominicano.com\/index.php?rest_route=%2Fwp%2Fv2%2Fcategories&post=230611"},{"taxonomy":"post_tag","embeddable":true,"href":"https:\/\/diariodominicano.com\/index.php?rest_route=%2Fwp%2Fv2%2Ftags&post=230611"}],"curies":[{"name":"wp","href":"https:\/\/api.w.org\/{rel}","templated":true}]}}