{"id":230610,"date":"2018-05-10T16:00:16","date_gmt":"2018-05-10T16:00:16","guid":{"rendered":"http:\/\/diariodominicano.ddns.net\/?p=230610"},"modified":"2018-05-10T16:00:16","modified_gmt":"2018-05-10T16:00:16","slug":"presidente-indonesio-reitera-compromiso-en-lucha-antiterrorista","status":"publish","type":"post","link":"https:\/\/diariodominicano.com\/?p=230610","title":{"rendered":"Presidente indonesio reitera compromiso en lucha antiterrorista"},"content":{"rendered":"<p><body><\/p>\n<p><img decoding=\"async\" src=\"img3\/Joko-Widodo.jpg\" \/>  <\/p>\n<\/p>\n<p><span class=\"text1noticias\">Jakarta, 10 may (PL) El presidente de Indonesia, Joko Widodo, afirm\u00f3 hoy que su gobierno nunca se doblegar\u00e1 ante el terrorismo o cualquier plan para socavar la seguridad nacional.<\/span><\/p>\n<\/p>\n<p><span class=\"text1noticias\">El Estado y el pueblo no tolerar\u00e1n el terrorismo, advirti\u00f3 el mandatario en una conferencia de prensa en el palacio presidencial de Bogor, provincia de Java Occidental.<\/span><\/p>\n<\/p>\n<p><span class=\"text1noticias\">Las declaraciones de Widodo tuvieron lugar horas despu\u00e9s de un operativo policial que puso fin a un mot\u00edn en una c\u00e1rcel ubicada en las afueras de esta capital, que caus\u00f3 la muerte de cinco uniformados y de un reo.<\/span><\/p>\n<\/p>\n<p><span class=\"text1noticias\">En ese sentido, el gobernante alab\u00f3 la actuaci\u00f3n de las fuerzas de seguridad.<\/span><\/p>\n<\/p>\n<p><span class=\"text1noticias\">Todos los terroristas presos se rindieron, y en esta oportunidad quiero expresar mi m\u00e1s sincero agradecimiento en nombre del pueblo y del Estado a los oficiales involucrados en el manejo del caso, apunt\u00f3.<\/span><\/p>\n<\/p>\n<p><span class=\"text1noticias\">Poco antes, el ministro para Asuntos Pol\u00edticos, Jur\u00eddicos y de Seguridad, Wiranto, explic\u00f3 que la operaci\u00f3n para retomar el control del recinto comenz\u00f3 a las 07:15 hora local tras expirar el ultim\u00e1tum lanzado por el gobierno.<\/span><\/p>\n<\/p>\n<p><span class=\"text1noticias\">Seg\u00fan el portavoz de la polic\u00eda nacional, brigadier Muhammad Iqbal, los disturbios en la instalaci\u00f3n arrancaron el martes cuando uno de los detenidos comenz\u00f3 a protestar por la demora en la entrega de los alimentos enviados por su familia.<\/span><\/p>\n<\/p>\n<p><span class=\"text1noticias\">Tras amotinarse, los reos se apoderaron de unas 30 armas y del control del centro, ubicado en el cuartel general de la Brigada M\u00f3vil de la Polic\u00eda, en la ciudad de Depok.<\/span><\/p>\n<\/p>\n<p><span class=\"text1noticias\">Durante los choques iniciales perdieron la vida cinco miembros del escuadr\u00f3n antiterrorista Densus 88 y un prisionero.<\/span><\/p>\n<\/p>\n<h6> 2018-05-10 16:00:16 <\/h6>\n<p><!--\n<link rel=\"stylesheet\" href=\"css\/bootstrap.min.css\">\n\n\n<ul class=\"pagination\">\n\t    \n\t\n\n<li >\n\t<a href='?page_no=10303'>Previous<\/a>\n\t<\/li>\n\n\n       \n    \n\n<li><a href='?page_no=1'>1<\/a><\/li>\n\n\n\n<li><a href='?page_no=2'>2<\/a><\/li>\n\n\n\n<li><a>...<\/a><\/li>\n\n\n\n<li><a href='?page_no=10302'>10302<\/a><\/li>\n\n\n\n<li><a href='?page_no=10303'>10303<\/a><\/li>\n\n\n\n<li class='active'><a>10304<\/a><\/li>\n\n\n\n<li><a href='?page_no=10305'>10305<\/a><\/li>\n\n\n\n<li><a href='?page_no=10306'>10306<\/a><\/li>\n\n\n\n<li><a>...<\/a><\/li>\n\n\n\n<li><a href='?page_no=51012'>51012<\/a><\/li>\n\n\n\n<li><a href='?page_no=51013'>51013<\/a><\/li>\n\n    \n\t\n\n<li >\n\t<a href='?page_no=10305'>Next<\/a>\n\t<\/li>\n\n\n    \n\n<li><a href='?page_no=51013'>Last &rsaquo;&rsaquo;<\/a><\/li>\n\n<\/ul>\n\n\n--><br \/>\n<\/body><\/p>\n","protected":false},"excerpt":{"rendered":"<p>Jakarta, 10 may (PL) El presidente de Indonesia, Joko Widodo, afirm\u00f3 hoy que su gobierno nunca se doblegar\u00e1 ante el terrorismo o cualquier plan para socavar la seguridad nacional. El Estado y el pueblo no tolerar\u00e1n el terrorismo, advirti\u00f3 el mandatario en una conferencia de prensa en el palacio presidencial de Bogor, provincia de Java [&hellip;]<\/p>\n","protected":false},"author":3,"featured_media":0,"comment_status":"open","ping_status":"open","sticky":false,"template":"","format":"standard","meta":{"footnotes":""},"categories":[23],"tags":[],"class_list":["post-230610","post","type-post","status-publish","format-standard","hentry","category-internacional"],"_links":{"self":[{"href":"https:\/\/diariodominicano.com\/index.php?rest_route=\/wp\/v2\/posts\/230610","targetHints":{"allow":["GET"]}}],"collection":[{"href":"https:\/\/diariodominicano.com\/index.php?rest_route=\/wp\/v2\/posts"}],"about":[{"href":"https:\/\/diariodominicano.com\/index.php?rest_route=\/wp\/v2\/types\/post"}],"author":[{"embeddable":true,"href":"https:\/\/diariodominicano.com\/index.php?rest_route=\/wp\/v2\/users\/3"}],"replies":[{"embeddable":true,"href":"https:\/\/diariodominicano.com\/index.php?rest_route=%2Fwp%2Fv2%2Fcomments&post=230610"}],"version-history":[{"count":0,"href":"https:\/\/diariodominicano.com\/index.php?rest_route=\/wp\/v2\/posts\/230610\/revisions"}],"wp:attachment":[{"href":"https:\/\/diariodominicano.com\/index.php?rest_route=%2Fwp%2Fv2%2Fmedia&parent=230610"}],"wp:term":[{"taxonomy":"category","embeddable":true,"href":"https:\/\/diariodominicano.com\/index.php?rest_route=%2Fwp%2Fv2%2Fcategories&post=230610"},{"taxonomy":"post_tag","embeddable":true,"href":"https:\/\/diariodominicano.com\/index.php?rest_route=%2Fwp%2Fv2%2Ftags&post=230610"}],"curies":[{"name":"wp","href":"https:\/\/api.w.org\/{rel}","templated":true}]}}