{"id":230609,"date":"2018-05-11T07:17:55","date_gmt":"2018-05-11T07:17:55","guid":{"rendered":"http:\/\/diariodominicano.ddns.net\/?p=230609"},"modified":"2018-05-11T07:17:55","modified_gmt":"2018-05-11T07:17:55","slug":"madres-presas-en-carcel-de-ciudad-de-mexico-celebran-su-dia-con-cantos-y-bailes","status":"publish","type":"post","link":"https:\/\/diariodominicano.com\/?p=230609","title":{"rendered":"Madres presas en c\u00e1rcel de Ciudad de M\u00e9xico celebran su d\u00eda con cantos y bailes"},"content":{"rendered":"<p><body><\/p>\n<p><img decoding=\"async\" src=\"img3\/Carcel mexico.jpg\" \/>  <\/p>\n<p><span class=\"text1noticias\">     MEXICO, 10 may (Xinhua) &#8212; Cientos de madres mexicanas de todas las edades se encuentran internas en diversas c\u00e1rceles en M\u00e9xico por diferentes delitos, y aunque muchas se dicen arrepentidas y otras niegan haber cometido los delitos por los que fueron condenadas, todas mantienen el mismo \u00e1nimo y fuerzas para salir adelante y celebrar como cada a\u00f1o el D\u00eda de la Madre.<\/span><\/p>\n<p><span class=\"text1noticias\"> <\/span><\/p>\n<p><span class=\"text1noticias\">     En Ciudad de M\u00e9xico existen 1.900 mujeres presas, distribuidas entre el Penal de Santa Martha Acatitla y en el Centro de Readaptaci\u00f3n Social Femenil Tepepan, Xochimilco. En este \u00faltimo, una de las presas, de nombre Alejandra, convive diariamente con 175 reclusas de entre 30 y 85 a\u00f1os; de ellas 12 son ind\u00edgenas, 8 con alguna discapacidad f\u00edsica y 40 con discapacidad psicosocial, de acuerdo con las autoridades penitenciarias.<\/span><\/p>\n<p><span class=\"text1noticias\"> <\/span><\/p>\n<p><span class=\"text1noticias\">     Alejandra, quien apenas lleva cinco a\u00f1os de pena penitenciaria en el Centro Femenil, celebr\u00f3 este d\u00eda con una serie de actividades entre las que destacaron unas jornadas de medicina tradicional, cantos, coreograf\u00edas de baile y clases de zumba.<\/span><\/p>\n<p><span class=\"text1noticias\"> <\/span><\/p>\n<p><span class=\"text1noticias\">     La reclusa, quien peri\u00f3dicamente practica alguna actividad deportiva y el zumba, confiesa que estas clases le han ayudado a mantener su peso y sentirse mejor tanto emocional como f\u00edsicamente. Durante la actividad tambi\u00e9n participaron personas con alguna discapacidad, como Concepci\u00f3n, quien pese a estar en una silla de ruedas, se integr\u00f3 a las actividades grupales.<\/span><\/p>\n<p><span class=\"text1noticias\"> <\/span><\/p>\n<p><span class=\"text1noticias\">     Las autoridades del Sistema Penitenciario de la Ciudad de M\u00e9xico resaltaron en un comunicado que este tipo de actividades es un reconocimiento a las madres internas que son pilares fundamentales de la familia.<\/span><\/p>\n<p><span class=\"text1noticias\"> <\/span><\/p>\n<p><span class=\"text1noticias\">     \u00abCon estas acciones se brinda apoyo a mujeres en situaciones vulnerables para que se puedan integrar a la sociedad de una manera eficiente y adecuada. As\u00ed como para mejorar sus condiciones de vida\u00bb, de acuerdo con la nota oficial.<\/span><\/p>\n<p><span class=\"text1noticias\"> <\/span><\/p>\n<p><span class=\"text1noticias\">     Esta instancia realiza una serie de actividades para las reclusas en los penales que incluye entre otras cosas un programa especial destinado a mujeres ind\u00edgenas y adultas mayores, impartido por la Secretar\u00eda de Desarrollo Rural y Equidad para las Comunidades (Sederec) y que fue implementado este jueves en Tepepan, donde 50 internas disfrutaron de las clases de zumba.<\/span><\/p>\n<p><span class=\"text1noticias\"> <\/span><\/p>\n<p><span class=\"text1noticias\">     Todas ellas aprovecharon para bailar y contar con acondicionamiento f\u00edsico, sin importar que algunas de ellas realizaran las actividades en sillas de ruedas.<\/span><\/p>\n<p><span class=\"text1noticias\"> <\/span><\/p>\n<p><span class=\"text1noticias\">     Adem\u00e1s de ello, se llevaron a cabo las jornadas de medicina tradicional, en las cuales con cantos, rezos y ejercicios de respiraci\u00f3n curanderos pidieron al fuego, agua, tierra y aire por la salud de las mujeres privadas de su libertad.<\/span><\/p>\n<p><span class=\"text1noticias\"> <\/span><\/p>\n<p><span class=\"text1noticias\">     De igual manera, seg\u00fan la nota oficial del Sistema Penitenciario de Ciudad de M\u00e9xico, se otorg\u00f3 asesor\u00eda psicol\u00f3gica con el fin de que las reclusas pudieran expresar sus emociones e ideas para una pronta recuperaci\u00f3n.<\/span><\/p>\n<p><span class=\"text1noticias\"> <\/span><\/p>\n<p><span class=\"text1noticias\">     De acuerdo con el Instituto Nacional de Estad\u00edstica y Geograf\u00eda (INEGI), un total de 188.262 personas se encuentran privadas de la libertad en los centros penitenciarios de las entidades federativas al cierre de 2016, de las cuales un 95 por ciento eran hombres y el 5 por ciento restante, mujeres.<\/span><\/p>\n<p><span class=\"text1noticias\"> <\/span><\/p>\n<p><span class=\"text1noticias\">     Precisa que si bien el n\u00famero de mujeres en prisi\u00f3n son minor\u00eda, dentro de la cadena delictiva, \u00abla poblaci\u00f3n femenina ingresada y encarcelada constituye un fen\u00f3meno que ha ido en aumento. De acuerdo con un estudio de la asociaci\u00f3n civil EQUIS \u00abJusticia para las Mujeres\u00bb, los casos de mujeres en c\u00e1rceles por delitos contra la salud se duplicaron en los \u00faltimos dos a\u00f1os en M\u00e9xico y se ha convertido en la primera causa de detenci\u00f3n a nivel federal.<\/span><\/p>\n<p><span class=\"text1noticias\"> <\/span><\/p>\n<p><span class=\"text1noticias\">     Pese a ello, la situaci\u00f3n de las f\u00e9minas en los reclusorios mexicanos es dif\u00edcil ya que adem\u00e1s de ello enfrentan en muchos casos irregularidades que violentan sus derechos humanos, de acuerdo con el \u00faltimo reporte de la Comisi\u00f3n Nacional de los Derechos Humanos (CNDH) de M\u00e9xico. A trav\u00e9s de su Informe Especial sobre las Mujeres Privadas de la Libertad en los Centros de Reclusi\u00f3n de la Rep\u00fablica Mexicana, indica que el sistema penitenciario mexicano presenta fallas que van contra la ley nacional e <\/span>internacional, relacionadas con el trato digno, la legalidad y seguridad jur\u00eddica, la protecci\u00f3n a la salud, la integridad personal y la reinserci\u00f3n social.<\/p>\n<h6> 2018-05-11 07:17:55 <\/h6>\n<p><!--\n<link rel=\"stylesheet\" href=\"css\/bootstrap.min.css\">\n\n\n<ul class=\"pagination\">\n\t    \n\t\n\n<li >\n\t<a href='?page_no=10302'>Previous<\/a>\n\t<\/li>\n\n\n       \n    \n\n<li><a href='?page_no=1'>1<\/a><\/li>\n\n\n\n<li><a href='?page_no=2'>2<\/a><\/li>\n\n\n\n<li><a>...<\/a><\/li>\n\n\n\n<li><a href='?page_no=10301'>10301<\/a><\/li>\n\n\n\n<li><a href='?page_no=10302'>10302<\/a><\/li>\n\n\n\n<li class='active'><a>10303<\/a><\/li>\n\n\n\n<li><a href='?page_no=10304'>10304<\/a><\/li>\n\n\n\n<li><a href='?page_no=10305'>10305<\/a><\/li>\n\n\n\n<li><a>...<\/a><\/li>\n\n\n\n<li><a href='?page_no=51012'>51012<\/a><\/li>\n\n\n\n<li><a href='?page_no=51013'>51013<\/a><\/li>\n\n    \n\t\n\n<li >\n\t<a href='?page_no=10304'>Next<\/a>\n\t<\/li>\n\n\n    \n\n<li><a href='?page_no=51013'>Last &rsaquo;&rsaquo;<\/a><\/li>\n\n<\/ul>\n\n\n--><br \/>\n<\/body><\/p>\n","protected":false},"excerpt":{"rendered":"<p>MEXICO, 10 may (Xinhua) &#8212; Cientos de madres mexicanas de todas las edades se encuentran internas en diversas c\u00e1rceles en M\u00e9xico por diferentes delitos, y aunque muchas se dicen arrepentidas y otras niegan haber cometido los delitos por los que fueron condenadas, todas mantienen el mismo \u00e1nimo y fuerzas para salir adelante y celebrar como [&hellip;]<\/p>\n","protected":false},"author":3,"featured_media":0,"comment_status":"open","ping_status":"open","sticky":false,"template":"","format":"standard","meta":{"footnotes":""},"categories":[23],"tags":[],"class_list":["post-230609","post","type-post","status-publish","format-standard","hentry","category-internacional"],"_links":{"self":[{"href":"https:\/\/diariodominicano.com\/index.php?rest_route=\/wp\/v2\/posts\/230609","targetHints":{"allow":["GET"]}}],"collection":[{"href":"https:\/\/diariodominicano.com\/index.php?rest_route=\/wp\/v2\/posts"}],"about":[{"href":"https:\/\/diariodominicano.com\/index.php?rest_route=\/wp\/v2\/types\/post"}],"author":[{"embeddable":true,"href":"https:\/\/diariodominicano.com\/index.php?rest_route=\/wp\/v2\/users\/3"}],"replies":[{"embeddable":true,"href":"https:\/\/diariodominicano.com\/index.php?rest_route=%2Fwp%2Fv2%2Fcomments&post=230609"}],"version-history":[{"count":0,"href":"https:\/\/diariodominicano.com\/index.php?rest_route=\/wp\/v2\/posts\/230609\/revisions"}],"wp:attachment":[{"href":"https:\/\/diariodominicano.com\/index.php?rest_route=%2Fwp%2Fv2%2Fmedia&parent=230609"}],"wp:term":[{"taxonomy":"category","embeddable":true,"href":"https:\/\/diariodominicano.com\/index.php?rest_route=%2Fwp%2Fv2%2Fcategories&post=230609"},{"taxonomy":"post_tag","embeddable":true,"href":"https:\/\/diariodominicano.com\/index.php?rest_route=%2Fwp%2Fv2%2Ftags&post=230609"}],"curies":[{"name":"wp","href":"https:\/\/api.w.org\/{rel}","templated":true}]}}