{"id":230608,"date":"2018-05-11T07:34:05","date_gmt":"2018-05-11T07:34:05","guid":{"rendered":"http:\/\/diariodominicano.ddns.net\/?p=230608"},"modified":"2018-05-11T07:34:05","modified_gmt":"2018-05-11T07:34:05","slug":"intelectuales-de-varios-paises-exigen-informacion-veraz-sobre-elecciones-venezuela","status":"publish","type":"post","link":"https:\/\/diariodominicano.com\/?p=230608","title":{"rendered":"Intelectuales de varios pa\u00edses exigen informaci\u00f3n veraz sobre elecciones Venezuela"},"content":{"rendered":"<p><body><\/p>\n<p><img decoding=\"async\" src=\"img3\/eleccionevenezuela11.jpg\" \/>  <\/p>\n<p><span class=\"text1noticias\">     CARACAS, 11 may (Xinhua) &#8212; Intelectuales pertenecientes a varios pa\u00edses emitieron un comunicado reivindicando su derecho a la informaci\u00f3n \u00abplural, balanceada y honesta\u00bb respecto a las elecciones a realizarse en Venezuela el pr\u00f3ximo domingo 20 de mayo.<\/span><\/p>\n<p><span class=\"text1noticias\"> <\/span><\/p>\n<p><span class=\"text1noticias\">     La informaci\u00f3n fue dada a conocer este jueves por la presidenta de la Asamblea Nacional Constituyente, Delcy Rodr\u00edguez, quien a trav\u00e9s de la televisora estatal venezolana dio lectura a la misiva durante un acto realizado en Caracas y destac\u00f3 que la misma fue firmada por importantes personalidades.<\/span><\/p>\n<p><span class=\"text1noticias\"> <\/span><\/p>\n<p><span class=\"text1noticias\">     Entre los firmantes destacan el Premio Nobel de la Paz, Aldolfo P\u00e9rez Esquivel, el escritor y periodista Ignacio Ramonet, la ex senadora colombiana Piedad C\u00f3rdova, el dirigente social brasile\u00f1o Joao Pedro Stedile, el intelectual mexicano Fernando Buen Abad y la escritora y periodista argentina, Stella Calloni, entre otros.<\/span><\/p>\n<p><span class=\"text1noticias\"> <\/span><\/p>\n<p><span class=\"text1noticias\">     La misiva suscrita por los intelectuales destaca que las pr\u00f3ximas elecciones que se realizar\u00e1n en Venezuela estar\u00e1n acompa\u00f1adas por 2.000 observadores pertenecientes a los 5 continentes adem\u00e1s de organismos como la Uni\u00f3n Africana, la Comunidad del Caribe (Caricom), y el Consejo de Expertos Electorales de Latinoam\u00e9rica.<\/span><\/p>\n<p><span class=\"text1noticias\"> <\/span><\/p>\n<p><span class=\"text1noticias\">     Las personalidades denuncian que, a pesar de lo anterior, las elecciones presidenciales est\u00e1n siendo \u00abboicoteadas\u00bb por grupos de poder \u00abque anuncian el desconocimiento de los resultados\u00bb.<\/span><\/p>\n<p><span class=\"text1noticias\"> <\/span><\/p>\n<p><span class=\"text1noticias\">      \u00abNosotros, ciudadanos del mundo, blanco de las grandes corporaciones de la comunicaci\u00f3n trasnacional, reivindicamos nuestro derecho a estar informados de manera plural, balanceada y honesta sobre los pr\u00f3ximos acontecimientos en Venezuela\u00bb, reza el comunicado difundido por la autoridad venezolana.<\/span><\/p>\n<p><span class=\"text1noticias\"> <\/span><\/p>\n<p><span class=\"text1noticias\">     Por su parte, el presidente Nicol\u00e1s Maduro, tras conocer el contenido difundido por la presidenta del poder constituyente, calific\u00f3 el gesto de los intelectuales como \u00abmuy importante\u00bb al tiempo que llam\u00f3 a defender la verdad de Venezuela.<\/span><\/p>\n<p><span class=\"text1noticias\"> <\/span><\/p>\n<p><span class=\"text1noticias\">     Maduro adem\u00e1s destac\u00f3 que los asuntos internos de Venezuela deben ser resueltos \u00abde manera independiente y soberana\u00bb.<\/span><\/p>\n<p><span class=\"text1noticias\"> <\/span><\/p>\n<p><span class=\"text1noticias\">     El pr\u00f3ximo domingo 20 de mayo en Venezuela habr\u00e1 elecciones presidenciales en Venezuela en medio de pronunciamientos de varios pa\u00edses de Latinoam\u00e9rica, la Uni\u00f3n Europea y el gobierno de Estados Unidos, en contra de los referidos comicios.<\/span><\/p>\n<p><span class=\"text1noticias\"> <\/span><\/p>\n<p><span class=\"text1noticias\">     El cronograma electoral en ese pa\u00eds avanza con total normalidad seg\u00fan lo previsto, en unas elecciones en las cuales un total de 20 millones 526 mil personas est\u00e1n habilitadas para ejercer su derecho al voto y elegir al presidente para el periodo 20<\/span>19-2025. <\/p>\n<h6> 2018-05-11 07:34:05 <\/h6>\n<p><!--\n<link rel=\"stylesheet\" href=\"css\/bootstrap.min.css\">\n\n\n<ul class=\"pagination\">\n\t    \n\t\n\n<li >\n\t<a href='?page_no=10301'>Previous<\/a>\n\t<\/li>\n\n\n       \n    \n\n<li><a href='?page_no=1'>1<\/a><\/li>\n\n\n\n<li><a href='?page_no=2'>2<\/a><\/li>\n\n\n\n<li><a>...<\/a><\/li>\n\n\n\n<li><a href='?page_no=10300'>10300<\/a><\/li>\n\n\n\n<li><a href='?page_no=10301'>10301<\/a><\/li>\n\n\n\n<li class='active'><a>10302<\/a><\/li>\n\n\n\n<li><a href='?page_no=10303'>10303<\/a><\/li>\n\n\n\n<li><a href='?page_no=10304'>10304<\/a><\/li>\n\n\n\n<li><a>...<\/a><\/li>\n\n\n\n<li><a href='?page_no=51012'>51012<\/a><\/li>\n\n\n\n<li><a href='?page_no=51013'>51013<\/a><\/li>\n\n    \n\t\n\n<li >\n\t<a href='?page_no=10303'>Next<\/a>\n\t<\/li>\n\n\n    \n\n<li><a href='?page_no=51013'>Last &rsaquo;&rsaquo;<\/a><\/li>\n\n<\/ul>\n\n\n--><br \/>\n<\/body><\/p>\n","protected":false},"excerpt":{"rendered":"<p>CARACAS, 11 may (Xinhua) &#8212; Intelectuales pertenecientes a varios pa\u00edses emitieron un comunicado reivindicando su derecho a la informaci\u00f3n \u00abplural, balanceada y honesta\u00bb respecto a las elecciones a realizarse en Venezuela el pr\u00f3ximo domingo 20 de mayo. La informaci\u00f3n fue dada a conocer este jueves por la presidenta de la Asamblea Nacional Constituyente, Delcy Rodr\u00edguez, [&hellip;]<\/p>\n","protected":false},"author":3,"featured_media":0,"comment_status":"open","ping_status":"open","sticky":false,"template":"","format":"standard","meta":{"footnotes":""},"categories":[23],"tags":[],"class_list":["post-230608","post","type-post","status-publish","format-standard","hentry","category-internacional"],"_links":{"self":[{"href":"https:\/\/diariodominicano.com\/index.php?rest_route=\/wp\/v2\/posts\/230608","targetHints":{"allow":["GET"]}}],"collection":[{"href":"https:\/\/diariodominicano.com\/index.php?rest_route=\/wp\/v2\/posts"}],"about":[{"href":"https:\/\/diariodominicano.com\/index.php?rest_route=\/wp\/v2\/types\/post"}],"author":[{"embeddable":true,"href":"https:\/\/diariodominicano.com\/index.php?rest_route=\/wp\/v2\/users\/3"}],"replies":[{"embeddable":true,"href":"https:\/\/diariodominicano.com\/index.php?rest_route=%2Fwp%2Fv2%2Fcomments&post=230608"}],"version-history":[{"count":0,"href":"https:\/\/diariodominicano.com\/index.php?rest_route=\/wp\/v2\/posts\/230608\/revisions"}],"wp:attachment":[{"href":"https:\/\/diariodominicano.com\/index.php?rest_route=%2Fwp%2Fv2%2Fmedia&parent=230608"}],"wp:term":[{"taxonomy":"category","embeddable":true,"href":"https:\/\/diariodominicano.com\/index.php?rest_route=%2Fwp%2Fv2%2Fcategories&post=230608"},{"taxonomy":"post_tag","embeddable":true,"href":"https:\/\/diariodominicano.com\/index.php?rest_route=%2Fwp%2Fv2%2Ftags&post=230608"}],"curies":[{"name":"wp","href":"https:\/\/api.w.org\/{rel}","templated":true}]}}