{"id":230601,"date":"2018-05-11T10:56:08","date_gmt":"2018-05-11T10:56:08","guid":{"rendered":"http:\/\/diariodominicano.ddns.net\/?p=230601"},"modified":"2018-05-11T10:56:08","modified_gmt":"2018-05-11T10:56:08","slug":"merkel-critica-retirada-de-eeuu-de-pacto-nuclear-porque-rompe-el-orden-internacional","status":"publish","type":"post","link":"https:\/\/diariodominicano.com\/?p=230601","title":{"rendered":"Merkel critica retirada de EEUU de pacto nuclear porque \u00abrompe el orden internacional\u00bb"},"content":{"rendered":"<p><body><\/p>\n<p><span class=\"text1noticias\">     BERLIN, 11 may (Xinhua) &#8212; La canciller alemana, Angela Merkel, critic\u00f3 este viernes a Estados Unidos por retirarse unilteralmente del acuerdo nuclear iran\u00ed y romper as\u00ed el orden internacional.  <\/span><\/p>\n<p><span class=\"text1noticias\"> <\/span><\/p>\n<p><span class=\"text1noticias\">     \u00abEs algo que rompe el orden internacional\u00bb, dijo en la ciudad occidental alemana de M\u00fcnster.<\/span><\/p>\n<p><span class=\"text1noticias\"> <\/span><\/p>\n<p><span class=\"text1noticias\">      Aunque el acuerdo no era ni mucho menos ideal y quedaban muchos problemas por resolver, apunt\u00f3, la retirada estadounidense ha causado gran preocupaci\u00f3n y pesar.  <\/span><\/p>\n<p><span class=\"text1noticias\"> <\/span><\/p>\n<p><span class=\"text1noticias\">     El presidente estadounidense, Donald Trump, anunci\u00f3 el martes su decisi\u00f3n de retirar a su pa\u00eds del hist\u00f3rico acuerdo de 2015 pese a la oposici\u00f3n de sus aliados occidentales.<\/span><\/p>\n<p><span class=\"text1noticias\"> <\/span><\/p>\n<p><span class=\"text1noticias\">     Los ministros de Asuntos Exteriores de los pa\u00edses que integran la Uni\u00f3n Europea (UE) tienen previsto celebrar el lunes en Londres una reuni\u00f3n urgente con Ir\u00e1n para intentar salvar el tratado, inform\u00f3 el jueves el peri\u00f3dico brit\u00e1nico The Guardian.<\/span><\/p>\n<p><span class=\"text1noticias\"> <\/span><\/p>\n<p><span class=\"text1noticias\">     El acuerdo nuclear, cuyo nombre formal es Plan de Acci\u00f3n Integral Conjunto, fue firmado por Ir\u00e1n, los cinco miembros permanentes del Consejo de Seguridad de la ONU (China, Estados Unidos, Reino Unido, Francia y Rusia), Alemania y la Uni\u00f3n Euro<\/span>pea. <\/p>\n<h6> 2018-05-11 10:56:08 <\/h6>\n<p><!--\n<link rel=\"stylesheet\" href=\"css\/bootstrap.min.css\">\n\n\n<ul class=\"pagination\">\n\t    \n\t\n\n<li >\n\t<a href='?page_no=10296'>Previous<\/a>\n\t<\/li>\n\n\n       \n    \n\n<li><a href='?page_no=1'>1<\/a><\/li>\n\n\n\n<li><a href='?page_no=2'>2<\/a><\/li>\n\n\n\n<li><a>...<\/a><\/li>\n\n\n\n<li><a href='?page_no=10295'>10295<\/a><\/li>\n\n\n\n<li><a href='?page_no=10296'>10296<\/a><\/li>\n\n\n\n<li class='active'><a>10297<\/a><\/li>\n\n\n\n<li><a href='?page_no=10298'>10298<\/a><\/li>\n\n\n\n<li><a href='?page_no=10299'>10299<\/a><\/li>\n\n\n\n<li><a>...<\/a><\/li>\n\n\n\n<li><a href='?page_no=51012'>51012<\/a><\/li>\n\n\n\n<li><a href='?page_no=51013'>51013<\/a><\/li>\n\n    \n\t\n\n<li >\n\t<a href='?page_no=10298'>Next<\/a>\n\t<\/li>\n\n\n    \n\n<li><a href='?page_no=51013'>Last &rsaquo;&rsaquo;<\/a><\/li>\n\n<\/ul>\n\n\n--><br \/>\n<\/body><\/p>\n","protected":false},"excerpt":{"rendered":"<p>BERLIN, 11 may (Xinhua) &#8212; La canciller alemana, Angela Merkel, critic\u00f3 este viernes a Estados Unidos por retirarse unilteralmente del acuerdo nuclear iran\u00ed y romper as\u00ed el orden internacional. \u00abEs algo que rompe el orden internacional\u00bb, dijo en la ciudad occidental alemana de M\u00fcnster. Aunque el acuerdo no era ni mucho menos ideal y quedaban [&hellip;]<\/p>\n","protected":false},"author":3,"featured_media":0,"comment_status":"open","ping_status":"open","sticky":false,"template":"","format":"standard","meta":{"footnotes":""},"categories":[23],"tags":[],"class_list":["post-230601","post","type-post","status-publish","format-standard","hentry","category-internacional"],"_links":{"self":[{"href":"https:\/\/diariodominicano.com\/index.php?rest_route=\/wp\/v2\/posts\/230601","targetHints":{"allow":["GET"]}}],"collection":[{"href":"https:\/\/diariodominicano.com\/index.php?rest_route=\/wp\/v2\/posts"}],"about":[{"href":"https:\/\/diariodominicano.com\/index.php?rest_route=\/wp\/v2\/types\/post"}],"author":[{"embeddable":true,"href":"https:\/\/diariodominicano.com\/index.php?rest_route=\/wp\/v2\/users\/3"}],"replies":[{"embeddable":true,"href":"https:\/\/diariodominicano.com\/index.php?rest_route=%2Fwp%2Fv2%2Fcomments&post=230601"}],"version-history":[{"count":0,"href":"https:\/\/diariodominicano.com\/index.php?rest_route=\/wp\/v2\/posts\/230601\/revisions"}],"wp:attachment":[{"href":"https:\/\/diariodominicano.com\/index.php?rest_route=%2Fwp%2Fv2%2Fmedia&parent=230601"}],"wp:term":[{"taxonomy":"category","embeddable":true,"href":"https:\/\/diariodominicano.com\/index.php?rest_route=%2Fwp%2Fv2%2Fcategories&post=230601"},{"taxonomy":"post_tag","embeddable":true,"href":"https:\/\/diariodominicano.com\/index.php?rest_route=%2Fwp%2Fv2%2Ftags&post=230601"}],"curies":[{"name":"wp","href":"https:\/\/api.w.org\/{rel}","templated":true}]}}