{"id":230597,"date":"2018-05-11T16:22:51","date_gmt":"2018-05-11T16:22:51","guid":{"rendered":"http:\/\/diariodominicano.ddns.net\/?p=230597"},"modified":"2018-05-11T16:22:51","modified_gmt":"2018-05-11T16:22:51","slug":"francia-pide-a-ue-responder-ante-amenazas-de-ee-uu-por-tema-iran","status":"publish","type":"post","link":"https:\/\/diariodominicano.com\/?p=230597","title":{"rendered":"Francia pide a UE responder ante amenazas de EE.UU. por tema Ir\u00e1n"},"content":{"rendered":"<p><body><\/p>\n<p><img decoding=\"async\" src=\"img3\/lemarie.jpg\" \/>  <\/p>\n<\/p>\n<p><span class=\"text1noticias\">Par\u00eds, 11 may (PL) El ministro de Econom\u00eda de Francia, Bruno Le Maire, abog\u00f3 hoy por que la Uni\u00f3n Europea (UE) responda con hechos frente a las amenazas de sanciones por parte de Estados Unidos a empresas que comercien con Ir\u00e1n.<\/span><\/p>\n<\/p>\n<p><span class=\"text1noticias\">&#8216;Es momento de pasar de las palabras a los hechos&#8217;, sostuvo el titular en declaraciones a la emisora radial Europe 1, y subray\u00f3 la necesidad de preservar la soberan\u00eda econ\u00f3mica de la regi\u00f3n frente a las sanciones extraterritoriales anunciadas por Washington.<\/span><\/p>\n<\/p>\n<p><span class=\"text1noticias\">El presidente norteamericano, Donald Trump, comunic\u00f3 esta semana la salida de su pa\u00eds del acuerdo nuclear con Ir\u00e1n, lo que implica volver a imponer sanciones contra esa naci\u00f3n que afectan el intercambio comercial y los negocios con terceros pa\u00edses.<\/span><\/p>\n<\/p>\n<p><span class=\"text1noticias\">Ante ello, Le Maire solicit\u00f3 acciones fuertes y demand\u00f3: &#8216;\u00bfAcaso queremos ser los vasallos de Estados Unidos que obedecen al menor movimiento de su dedo?&#8217;.<\/span><\/p>\n<\/p>\n<p><span class=\"text1noticias\">Para contrarrestar las sanciones, Par\u00eds prev\u00e9 acciones como una reuni\u00f3n del titular de Econom\u00eda con sus hom\u00f3logos de Alemania y Reino Unido, con vistas a preparar una respuesta coordinada.<\/span><\/p>\n<\/p>\n<p><span class=\"text1noticias\">Asimismo, inform\u00f3 Le Maire, en este momento est\u00e1n en estudio un conjunto de medidas encaminadas a evitar que las acciones de Washington impacten en las empresas francesas que mantienen relaciones con sus pares iran\u00edes.<\/span><\/p>\n<\/p>\n<h6> 2018-05-11 16:22:51 <\/h6>\n<p><!--\n<link rel=\"stylesheet\" href=\"css\/bootstrap.min.css\">\n\n\n<ul class=\"pagination\">\n\t    \n\t\n\n<li >\n\t<a href='?page_no=10292'>Previous<\/a>\n\t<\/li>\n\n\n       \n    \n\n<li><a href='?page_no=1'>1<\/a><\/li>\n\n\n\n<li><a href='?page_no=2'>2<\/a><\/li>\n\n\n\n<li><a>...<\/a><\/li>\n\n\n\n<li><a href='?page_no=10291'>10291<\/a><\/li>\n\n\n\n<li><a href='?page_no=10292'>10292<\/a><\/li>\n\n\n\n<li class='active'><a>10293<\/a><\/li>\n\n\n\n<li><a href='?page_no=10294'>10294<\/a><\/li>\n\n\n\n<li><a href='?page_no=10295'>10295<\/a><\/li>\n\n\n\n<li><a>...<\/a><\/li>\n\n\n\n<li><a href='?page_no=51012'>51012<\/a><\/li>\n\n\n\n<li><a href='?page_no=51013'>51013<\/a><\/li>\n\n    \n\t\n\n<li >\n\t<a href='?page_no=10294'>Next<\/a>\n\t<\/li>\n\n\n    \n\n<li><a href='?page_no=51013'>Last &rsaquo;&rsaquo;<\/a><\/li>\n\n<\/ul>\n\n\n--><br \/>\n<\/body><\/p>\n","protected":false},"excerpt":{"rendered":"<p>Par\u00eds, 11 may (PL) El ministro de Econom\u00eda de Francia, Bruno Le Maire, abog\u00f3 hoy por que la Uni\u00f3n Europea (UE) responda con hechos frente a las amenazas de sanciones por parte de Estados Unidos a empresas que comercien con Ir\u00e1n. &#8216;Es momento de pasar de las palabras a los hechos&#8217;, sostuvo el titular en [&hellip;]<\/p>\n","protected":false},"author":3,"featured_media":0,"comment_status":"open","ping_status":"open","sticky":false,"template":"","format":"standard","meta":{"footnotes":""},"categories":[23],"tags":[],"class_list":["post-230597","post","type-post","status-publish","format-standard","hentry","category-internacional"],"_links":{"self":[{"href":"https:\/\/diariodominicano.com\/index.php?rest_route=\/wp\/v2\/posts\/230597","targetHints":{"allow":["GET"]}}],"collection":[{"href":"https:\/\/diariodominicano.com\/index.php?rest_route=\/wp\/v2\/posts"}],"about":[{"href":"https:\/\/diariodominicano.com\/index.php?rest_route=\/wp\/v2\/types\/post"}],"author":[{"embeddable":true,"href":"https:\/\/diariodominicano.com\/index.php?rest_route=\/wp\/v2\/users\/3"}],"replies":[{"embeddable":true,"href":"https:\/\/diariodominicano.com\/index.php?rest_route=%2Fwp%2Fv2%2Fcomments&post=230597"}],"version-history":[{"count":0,"href":"https:\/\/diariodominicano.com\/index.php?rest_route=\/wp\/v2\/posts\/230597\/revisions"}],"wp:attachment":[{"href":"https:\/\/diariodominicano.com\/index.php?rest_route=%2Fwp%2Fv2%2Fmedia&parent=230597"}],"wp:term":[{"taxonomy":"category","embeddable":true,"href":"https:\/\/diariodominicano.com\/index.php?rest_route=%2Fwp%2Fv2%2Fcategories&post=230597"},{"taxonomy":"post_tag","embeddable":true,"href":"https:\/\/diariodominicano.com\/index.php?rest_route=%2Fwp%2Fv2%2Ftags&post=230597"}],"curies":[{"name":"wp","href":"https:\/\/api.w.org\/{rel}","templated":true}]}}