{"id":230596,"date":"2018-05-12T14:46:26","date_gmt":"2018-05-12T14:46:26","guid":{"rendered":"http:\/\/diariodominicano.ddns.net\/?p=230596"},"modified":"2018-05-12T14:46:26","modified_gmt":"2018-05-12T14:46:26","slug":"mas-de-300-mil-inmigrantes-en-ee-uu-en-peligro-de-deportacion","status":"publish","type":"post","link":"https:\/\/diariodominicano.com\/?p=230596","title":{"rendered":"M\u00e1s de 300 mil inmigrantes en EE.UU. en peligro de deportaci\u00f3n"},"content":{"rendered":"<p><body><\/p>\n<p><img decoding=\"async\" src=\"img3\/eeuu-inmigrantes.jpg\" \/>  <\/p>\n<\/p>\n<p><span class=\"text1noticias\">Washington, 12 may (PL) M\u00e1s de 300 mil inmigrantes viven hoy en Estados Unidos bajo la amenaza de deportaci\u00f3n, tras la orden del presidente Donald Trump de poner fin al denominado Estatus de Protecci\u00f3n Temporal.<\/span><\/p>\n<\/p>\n<p><span class=\"text1noticias\">El TPS (por sus siglas en ingl\u00e9s) hab\u00eda sobrevivido bajo varias administraciones republicanas y dem\u00f3cratas, que principalmente utilizaban el programa como una v\u00e1lvula de escape a los emigrados de Am\u00e9rica Central y el Caribe, pues les permit\u00eda, sin ser ciudadanos estadounidenses, residir y trabajar aqu\u00ed.<\/span><\/p>\n<\/p>\n<p><span class=\"text1noticias\">Pero el Gobierno de Trump asegura que se ha abusado del beneficio al facilitar que los acogidos con el TPS permanezcan aqu\u00ed mucho despu\u00e9s de que las condiciones de crisis hayan terminado en sus pa\u00edses de origen, se\u00f1al\u00f3 un art\u00edculo del peri\u00f3dico digital The Hill.<\/span><\/p>\n<\/p>\n<p><span class=\"text1noticias\">Al concluir el TPS, la administraci\u00f3n de Trump ha da tiempo a los inmigrantes para que abandonen Estados Unidos. Los per\u00edodos para que &#8216;empaquen maletas&#8217; variaron de un a\u00f1o a 18 meses para las personas de El Salvador, Hait\u00ed, Honduras, Nicaragua, Nepal y Sud\u00e1n, cuyo estatus ya termin\u00f3.<\/span><\/p>\n<\/p>\n<p><span class=\"text1noticias\">La publicaci\u00f3n destac\u00f3 que, por ejemplo, con el cierre del TPS para 56 mil hondure\u00f1os a principios de este mes, el plan de inmigraci\u00f3n de casi 30 a\u00f1os de duraci\u00f3n &#8216;est\u00e1 esencialmente muerto&#8217;.<\/span><\/p>\n<\/p>\n<p><span class=\"text1noticias\">Cerca de 200 mil personas de El Salvador protegidos por TPS pudieron permanecer en Estados Unidos desde al menos 2001, despu\u00e9s de que dos terremotos devastaran la naci\u00f3n centroamericana.<\/span><\/p>\n<\/p>\n<p><span class=\"text1noticias\">Ahora tienen hasta septiembre de 2019 para solicitar un estado migratorio diferente -una orden dif\u00edcil, pues el TPS no crea un camino hacia la residencia permanente o la ciudadan\u00eda- o, simplemente, deber\u00e1n salir del pa\u00eds.<\/span><\/p>\n<\/p>\n<p><span class=\"text1noticias\">La medida ha dejado en el limbo a cientos de miles de receptores del TPS y muchos buscan una manera de continuar en Estados Unidos con sus familias, subray\u00f3 el art\u00edculo.<\/span><\/p>\n<\/p>\n<p><span class=\"text1noticias\">Esta semana el presidente de la C\u00e1mara de Representantes, el republicano Paul Ryan, intent\u00f3 frenar la rebeli\u00f3n entre legisladores de su partido, decididos a llevar al pleno del Congreso una ley de inmigraci\u00f3n.<\/span><\/p>\n<\/p>\n<p><span class=\"text1noticias\">Ryan dijo a los periodistas que &#8216;le gustar\u00eda&#8217; someter a voto la iniciativa legislativa en alg\u00fan momento de este a\u00f1o, en su intento por calmar los \u00e1nimos de sus correligionarios.<\/span><\/p>\n<\/p>\n<p><span class=\"text1noticias\">Muchos de los congresistas enfrentan campa\u00f1as de reelecci\u00f3n potencialmente re\u00f1idas en noviembre en distritos con grandes cantidades de electores hispanos, suburbanos o de la industria agr\u00edcola con posturas a favor de los inmigrantes.<\/span><\/p>\n<\/p>\n<p><span class=\"text1noticias\">Los planes de una reforma migratoria incluir\u00edan una soluci\u00f3n permanente para los llamados dreamers (so\u00f1adores), los j\u00f3venes indocumentados que arribaron a Estados Unidos siendo ni\u00f1os.<\/span><\/p>\n<\/p>\n<p><span class=\"text1noticias\">El tema migratorio es una olla de presi\u00f3n en Estados Unidos. El dem\u00f3crata Barack Obama sali\u00f3 de la oficina oval sin lograr materializar durante sus mandatos una reforma integral y permanente a las leyes de inmigraci\u00f3n.<\/span><\/p>\n<\/p>\n<h6> 2018-05-12 14:46:26 <\/h6>\n<p><!--\n<link rel=\"stylesheet\" href=\"css\/bootstrap.min.css\">\n\n\n<ul class=\"pagination\">\n\t    \n\t\n\n<li >\n\t<a href='?page_no=10291'>Previous<\/a>\n\t<\/li>\n\n\n       \n    \n\n<li><a href='?page_no=1'>1<\/a><\/li>\n\n\n\n<li><a href='?page_no=2'>2<\/a><\/li>\n\n\n\n<li><a>...<\/a><\/li>\n\n\n\n<li><a href='?page_no=10290'>10290<\/a><\/li>\n\n\n\n<li><a href='?page_no=10291'>10291<\/a><\/li>\n\n\n\n<li class='active'><a>10292<\/a><\/li>\n\n\n\n<li><a href='?page_no=10293'>10293<\/a><\/li>\n\n\n\n<li><a href='?page_no=10294'>10294<\/a><\/li>\n\n\n\n<li><a>...<\/a><\/li>\n\n\n\n<li><a href='?page_no=51012'>51012<\/a><\/li>\n\n\n\n<li><a href='?page_no=51013'>51013<\/a><\/li>\n\n    \n\t\n\n<li >\n\t<a href='?page_no=10293'>Next<\/a>\n\t<\/li>\n\n\n    \n\n<li><a href='?page_no=51013'>Last &rsaquo;&rsaquo;<\/a><\/li>\n\n<\/ul>\n\n\n--><br \/>\n<\/body><\/p>\n","protected":false},"excerpt":{"rendered":"<p>Washington, 12 may (PL) M\u00e1s de 300 mil inmigrantes viven hoy en Estados Unidos bajo la amenaza de deportaci\u00f3n, tras la orden del presidente Donald Trump de poner fin al denominado Estatus de Protecci\u00f3n Temporal. El TPS (por sus siglas en ingl\u00e9s) hab\u00eda sobrevivido bajo varias administraciones republicanas y dem\u00f3cratas, que principalmente utilizaban el programa [&hellip;]<\/p>\n","protected":false},"author":3,"featured_media":0,"comment_status":"open","ping_status":"open","sticky":false,"template":"","format":"standard","meta":{"footnotes":""},"categories":[23],"tags":[],"class_list":["post-230596","post","type-post","status-publish","format-standard","hentry","category-internacional"],"_links":{"self":[{"href":"https:\/\/diariodominicano.com\/index.php?rest_route=\/wp\/v2\/posts\/230596","targetHints":{"allow":["GET"]}}],"collection":[{"href":"https:\/\/diariodominicano.com\/index.php?rest_route=\/wp\/v2\/posts"}],"about":[{"href":"https:\/\/diariodominicano.com\/index.php?rest_route=\/wp\/v2\/types\/post"}],"author":[{"embeddable":true,"href":"https:\/\/diariodominicano.com\/index.php?rest_route=\/wp\/v2\/users\/3"}],"replies":[{"embeddable":true,"href":"https:\/\/diariodominicano.com\/index.php?rest_route=%2Fwp%2Fv2%2Fcomments&post=230596"}],"version-history":[{"count":0,"href":"https:\/\/diariodominicano.com\/index.php?rest_route=\/wp\/v2\/posts\/230596\/revisions"}],"wp:attachment":[{"href":"https:\/\/diariodominicano.com\/index.php?rest_route=%2Fwp%2Fv2%2Fmedia&parent=230596"}],"wp:term":[{"taxonomy":"category","embeddable":true,"href":"https:\/\/diariodominicano.com\/index.php?rest_route=%2Fwp%2Fv2%2Fcategories&post=230596"},{"taxonomy":"post_tag","embeddable":true,"href":"https:\/\/diariodominicano.com\/index.php?rest_route=%2Fwp%2Fv2%2Ftags&post=230596"}],"curies":[{"name":"wp","href":"https:\/\/api.w.org\/{rel}","templated":true}]}}