{"id":230580,"date":"2018-05-13T08:28:33","date_gmt":"2018-05-13T08:28:33","guid":{"rendered":"http:\/\/diariodominicano.ddns.net\/?p=230580"},"modified":"2018-05-13T08:28:33","modified_gmt":"2018-05-13T08:28:33","slug":"mohammad-javad-zarif-en-china-para-coordinar-vigencia-de-pacto-irani","status":"publish","type":"post","link":"https:\/\/diariodominicano.com\/?p=230580","title":{"rendered":"Mohammad Javad Zarif en China para coordinar vigencia de pacto iran\u00ed"},"content":{"rendered":"<p><body><\/p>\n<p><img decoding=\"async\" src=\"img3\/zarif.jpg\" \/>  <\/p>\n<p><strong> Beijing, 13 may (PL) <\/strong>El ministro de Relaciones Exteriores de Ir\u00e1n, Mohammad Javad Zarif, realiza hoy una visita de trabajo a China como parte de una gira internacional para coordinar el cumplimiento del acuerdo nuclear tras la salida de Estados Unidos.<\/p>\n<\/p>\n<p>La canciller\u00eda local confirm\u00f3 ayer su llegada a esta capital con el objetivo de dialogar con el anfitri\u00f3n Wang Yi.<\/p>\n<\/p>\n<p>Adem\u00e1s de venir a Beijing, Zarif estar\u00e1 el lunes en Mosc\u00fa y luego ir\u00e1 a Bruselas para garantizar la vigencia del denominado Plan Integral de Acci\u00f3n Conjunta (Jcpoa, por sus siglas en ingl\u00e9s), firmado por Rusia, China, Reino Unido, Alemania, Francia, Estados Unidos e Ir\u00e1n en 2015.<\/p>\n<\/p>\n<p>El presidente norteamericano, Donald Trump, anunci\u00f3 hace unos d\u00edas la salida del pacto y el restablecimiento de sanciones contra Teher\u00e1n, lo cual le vali\u00f3 el rechazo mundial.<\/p>\n<\/p>\n<p>China se sum\u00f3 a las cr\u00edticas contra Washington, asegur\u00f3 que se esforzar\u00e1 por conservar la vigencia e implementaci\u00f3n del documento y pidi\u00f3 a todos los actores implicados en el tema a asumir una actitud responsable para salvarlo.<\/p>\n<\/p>\n<p>Con ese fin se comprometi\u00f3 a impulsar el di\u00e1logo imparcial y objetivo con el resto de los pa\u00edses firmantes del Jcpoa.<\/p>\n<\/p>\n<p>mem\/ymr<\/p>\n<h6> 2018-05-13 08:28:33 <\/h6>\n<p><!--\n<link rel=\"stylesheet\" href=\"css\/bootstrap.min.css\">\n\n\n<ul class=\"pagination\">\n\t    \n\t\n\n<li >\n\t<a href='?page_no=10277'>Previous<\/a>\n\t<\/li>\n\n\n       \n    \n\n<li><a href='?page_no=1'>1<\/a><\/li>\n\n\n\n<li><a href='?page_no=2'>2<\/a><\/li>\n\n\n\n<li><a>...<\/a><\/li>\n\n\n\n<li><a href='?page_no=10276'>10276<\/a><\/li>\n\n\n\n<li><a href='?page_no=10277'>10277<\/a><\/li>\n\n\n\n<li class='active'><a>10278<\/a><\/li>\n\n\n\n<li><a href='?page_no=10279'>10279<\/a><\/li>\n\n\n\n<li><a href='?page_no=10280'>10280<\/a><\/li>\n\n\n\n<li><a>...<\/a><\/li>\n\n\n\n<li><a href='?page_no=51012'>51012<\/a><\/li>\n\n\n\n<li><a href='?page_no=51013'>51013<\/a><\/li>\n\n    \n\t\n\n<li >\n\t<a href='?page_no=10279'>Next<\/a>\n\t<\/li>\n\n\n    \n\n<li><a href='?page_no=51013'>Last &rsaquo;&rsaquo;<\/a><\/li>\n\n<\/ul>\n\n\n--><br \/>\n<\/body><\/p>\n","protected":false},"excerpt":{"rendered":"<p>Beijing, 13 may (PL) El ministro de Relaciones Exteriores de Ir\u00e1n, Mohammad Javad Zarif, realiza hoy una visita de trabajo a China como parte de una gira internacional para coordinar el cumplimiento del acuerdo nuclear tras la salida de Estados Unidos. La canciller\u00eda local confirm\u00f3 ayer su llegada a esta capital con el objetivo de [&hellip;]<\/p>\n","protected":false},"author":3,"featured_media":0,"comment_status":"open","ping_status":"open","sticky":false,"template":"","format":"standard","meta":{"footnotes":""},"categories":[23],"tags":[],"class_list":["post-230580","post","type-post","status-publish","format-standard","hentry","category-internacional"],"_links":{"self":[{"href":"https:\/\/diariodominicano.com\/index.php?rest_route=\/wp\/v2\/posts\/230580","targetHints":{"allow":["GET"]}}],"collection":[{"href":"https:\/\/diariodominicano.com\/index.php?rest_route=\/wp\/v2\/posts"}],"about":[{"href":"https:\/\/diariodominicano.com\/index.php?rest_route=\/wp\/v2\/types\/post"}],"author":[{"embeddable":true,"href":"https:\/\/diariodominicano.com\/index.php?rest_route=\/wp\/v2\/users\/3"}],"replies":[{"embeddable":true,"href":"https:\/\/diariodominicano.com\/index.php?rest_route=%2Fwp%2Fv2%2Fcomments&post=230580"}],"version-history":[{"count":0,"href":"https:\/\/diariodominicano.com\/index.php?rest_route=\/wp\/v2\/posts\/230580\/revisions"}],"wp:attachment":[{"href":"https:\/\/diariodominicano.com\/index.php?rest_route=%2Fwp%2Fv2%2Fmedia&parent=230580"}],"wp:term":[{"taxonomy":"category","embeddable":true,"href":"https:\/\/diariodominicano.com\/index.php?rest_route=%2Fwp%2Fv2%2Fcategories&post=230580"},{"taxonomy":"post_tag","embeddable":true,"href":"https:\/\/diariodominicano.com\/index.php?rest_route=%2Fwp%2Fv2%2Ftags&post=230580"}],"curies":[{"name":"wp","href":"https:\/\/api.w.org\/{rel}","templated":true}]}}