{"id":229405,"date":"2017-09-28T12:40:29","date_gmt":"2017-09-28T12:40:29","guid":{"rendered":"http:\/\/diariodominicano.ddns.net\/?p=229405"},"modified":"2025-03-31T22:08:36","modified_gmt":"2025-04-01T02:08:36","slug":"diputado-rafael-mendez-anuncia-inscripciones-cursos-aeronautica-en-neyba","status":"publish","type":"post","link":"https:\/\/diariodominicano.com\/?p=229405","title":{"rendered":"Diputado Rafael M\u00e9ndez anuncia inscripciones cursos Aeron\u00e1utica en Neyba"},"content":{"rendered":"<p><body><\/p>\n<p><img decoding=\"async\" src=\"img3\/curso.jpg\" \/>  <\/p>\n<p>NEYBA: El Diputado Rafael M\u00e9ndez inform\u00f3 que est\u00e1n abiertas las inscripciones para los interesados en participar en los cursos<\/p>\n<p>te\u00f3rico-pr\u00e1ctico \u00abinducci\u00f3n al sector aeron\u00e1utico e introducci\u00f3n a los servicios de informaci\u00f3n aeron\u00e1utica\u00bb, que se impartir\u00e1n del 9 al 12<\/p>\n<p>de octubre pr\u00f3ximo.<\/p>\n<\/p>\n<p>M\u00e9ndez inform\u00f3, adem\u00e1s, que los referidos cursos en conjunto tendr\u00e1n una duraci\u00f3n de 32 horas, en horario corrido de 8:30 de la ma\u00f1ana a<\/p>\n<p>5:00 de la tarde, y est\u00e1n dirigidos a los egresados de los cursos de ingl\u00e9s de inmersi\u00f3n, lo que indica que el ingl\u00e9s es un requisito para<\/p>\n<p>participar.<\/p>\n<\/p>\n<p>Al t\u00e9rmino de la instrucci\u00f3n a los participantes se les entregar\u00e1n dos certificados de asistencia, uno por cada ciclo, previa evaluaci\u00f3n.<\/p>\n<\/p>\n<p>Estos cursos son patrocinados por Instituto Dominicano de Aviaci\u00f3n Civil (IDAC), a trav\u00e9s de su Academia Superior de Ciencia<\/p>\n<p>Aeron\u00e1uticas, y son coordinados por la Fundaci\u00f3n Padrinos de las Escuelas de Bahoruco, Inc.<\/p>\n<\/p>\n<p>Estos cursos tienen como objetivo hacer que los participantes conozcan los aspectos m\u00e1s relevantes de los servicios de informaci\u00f3n<\/p>\n<p>aeron\u00e1utica y la documentaci\u00f3n relacionada para ofrecer un servicio de calidad y garantizar la gesti\u00f3n de la seguridad operacional acorde con<\/p>\n<p>las regulaciones nacionales e internacionales.<\/p>\n<\/p>\n<p>Los interesados deben entrar a su Facebook y buscar Provincia Bahoruco en la Red.<\/p>\n<\/p>\n<p>Como resultados esperados se establece ofrecer informaci\u00f3n necesaria y b\u00e1sica para que los j\u00f3venes puedan insertarse en el mundo de la<\/p>\n<p>aviaci\u00f3n y desempe\u00f1arse profesionalmente.<\/p>\n<h6> 2017-09-28 12:40:29 <\/h6>\n<p><!--\n<link rel=\"stylesheet\" href=\"css\/bootstrap.min.css\">\n\n\n<ul class=\"pagination\">\n\t    \n\t\n\n<li >\n\t<a href='?page_no=9229'>Previous<\/a>\n\t<\/li>\n\n\n       \n    \n\n<li><a href='?page_no=1'>1<\/a><\/li>\n\n\n\n<li><a href='?page_no=2'>2<\/a><\/li>\n\n\n\n<li><a>...<\/a><\/li>\n\n\n\n<li><a href='?page_no=9228'>9228<\/a><\/li>\n\n\n\n<li><a href='?page_no=9229'>9229<\/a><\/li>\n\n\n\n<li class='active'><a>9230<\/a><\/li>\n\n\n\n<li><a href='?page_no=9231'>9231<\/a><\/li>\n\n\n\n<li><a href='?page_no=9232'>9232<\/a><\/li>\n\n\n\n<li><a>...<\/a><\/li>\n\n\n\n<li><a href='?page_no=56169'>56169<\/a><\/li>\n\n\n\n<li><a href='?page_no=56170'>56170<\/a><\/li>\n\n    \n\t\n\n<li >\n\t<a href='?page_no=9231'>Next<\/a>\n\t<\/li>\n\n\n    \n\n<li><a href='?page_no=56170'>Last &rsaquo;&rsaquo;<\/a><\/li>\n\n<\/ul>\n\n\n--><br \/>\n<\/body><\/p>\n","protected":false},"excerpt":{"rendered":"<p>NEYBA: El Diputado Rafael M\u00e9ndez inform\u00f3 que est\u00e1n abiertas las inscripciones para los interesados en participar en los cursos te\u00f3rico-pr\u00e1ctico \u00abinducci\u00f3n al sector aeron\u00e1utico e introducci\u00f3n a los servicios de informaci\u00f3n aeron\u00e1utica\u00bb, que se impartir\u00e1n del 9 al 12 de octubre pr\u00f3ximo. M\u00e9ndez inform\u00f3, adem\u00e1s, que los referidos cursos en conjunto tendr\u00e1n una duraci\u00f3n de [&hellip;]<\/p>\n","protected":false},"author":3,"featured_media":585841,"comment_status":"open","ping_status":"open","sticky":false,"template":"","format":"standard","meta":{"footnotes":""},"categories":[20],"tags":[178],"class_list":["post-229405","post","type-post","status-publish","format-standard","has-post-thumbnail","hentry","category-dominicana-hoy","tag-rafael-mendez"],"_links":{"self":[{"href":"https:\/\/diariodominicano.com\/index.php?rest_route=\/wp\/v2\/posts\/229405","targetHints":{"allow":["GET"]}}],"collection":[{"href":"https:\/\/diariodominicano.com\/index.php?rest_route=\/wp\/v2\/posts"}],"about":[{"href":"https:\/\/diariodominicano.com\/index.php?rest_route=\/wp\/v2\/types\/post"}],"author":[{"embeddable":true,"href":"https:\/\/diariodominicano.com\/index.php?rest_route=\/wp\/v2\/users\/3"}],"replies":[{"embeddable":true,"href":"https:\/\/diariodominicano.com\/index.php?rest_route=%2Fwp%2Fv2%2Fcomments&post=229405"}],"version-history":[{"count":1,"href":"https:\/\/diariodominicano.com\/index.php?rest_route=\/wp\/v2\/posts\/229405\/revisions"}],"predecessor-version":[{"id":606934,"href":"https:\/\/diariodominicano.com\/index.php?rest_route=\/wp\/v2\/posts\/229405\/revisions\/606934"}],"wp:featuredmedia":[{"embeddable":true,"href":"https:\/\/diariodominicano.com\/index.php?rest_route=\/wp\/v2\/media\/585841"}],"wp:attachment":[{"href":"https:\/\/diariodominicano.com\/index.php?rest_route=%2Fwp%2Fv2%2Fmedia&parent=229405"}],"wp:term":[{"taxonomy":"category","embeddable":true,"href":"https:\/\/diariodominicano.com\/index.php?rest_route=%2Fwp%2Fv2%2Fcategories&post=229405"},{"taxonomy":"post_tag","embeddable":true,"href":"https:\/\/diariodominicano.com\/index.php?rest_route=%2Fwp%2Fv2%2Ftags&post=229405"}],"curies":[{"name":"wp","href":"https:\/\/api.w.org\/{rel}","templated":true}]}}