{"id":229359,"date":"2020-06-11T15:07:04","date_gmt":"2020-06-11T15:07:04","guid":{"rendered":"http:\/\/diariodominicano.ddns.net\/?p=229359"},"modified":"2025-12-29T01:03:51","modified_gmt":"2025-12-29T05:03:51","slug":"prensa-latina-difunde-gobierno-y-oposicion-dominicana-chocan-por-la-quinta-prorroga-del-estado-de-excepcion","status":"publish","type":"post","link":"https:\/\/diariodominicano.com\/?p=229359","title":{"rendered":"Prensa Latina difunde Gobierno y oposici\u00f3n dominicana chocan por la quinta pr\u00f3rroga del estado de excepci\u00f3n"},"content":{"rendered":"<p><body><\/p>\n<p><img decoding=\"async\" src=\"img3\/danilo-medina11-6.jpg\" \/>  <\/p>\n<p><strong><span class=\"text1noticias\"> <\/span><\/strong><\/p>\n<p><strong><span class=\"text1noticias\">diariodominicano.com<\/span><\/strong><\/p>\n<p><strong><span class=\"text1noticias\"> <\/span><\/strong><\/p>\n<p><strong><span class=\"text1noticias\"> <\/span><\/strong><\/p>\n<p><strong><span class=\"text1noticias\">Santo Domingo, 11 jun (Prensa Latina) <\/span><\/strong><span class=\"text1noticias\">El gobierno y la oposici\u00f3n dominicana se encuentran enfrentados hoy por la quinta pr\u00f3rroga del estado de excepci\u00f3n solicitada por el presidente, Danilo Medina, al Congreso de la Rep\u00fablica.<\/span><\/p>\n<p><span class=\"text1noticias\"> <\/span><\/p>\n<p><span class=\"text1noticias\">Desde el anterior pedido del ejecutivo, se pronostic\u00f3 que en el fututo le iba a resultar dif\u00edcil al Gobierno mantener esa medida por la negativa de los sectores opositores a aprobarla argumentando era un ardid presidencial para dar ventaja al candidato oficialista de cara a las elecciones del 5 de julio.<\/span><\/p>\n<p><span class=\"text1noticias\"> <\/span><\/p>\n<p><span class=\"text1noticias\">Seg\u00fan algunos especialistas, raz\u00f3n ten\u00edan quienes as\u00ed se manifestaron pues desde que el pasado 8 de junio el jefe de Estado envi\u00f3 al Congreso, la nueva solicitud de extensi\u00f3n del estado de emergencia por 17 d\u00edas para continuar el enfrentamiento a la Covid-19, los opositores plantearon su desacuerdo.<\/span><\/p>\n<p><span class=\"text1noticias\"> <\/span><\/p>\n<p><span class=\"text1noticias\">Aunque en su carta el mandatario explic\u00f3 que el pa\u00eds se encuentra en la fase dos del plan de desescalada de las medidas de restricciones econ\u00f3micas y si bien se concluy\u00f3 exitosamente la primera, el argumento no cal\u00f3 en los sectores contrarios.<\/span><\/p>\n<p><span class=\"text1noticias\"> <\/span><\/p>\n<p><span class=\"text1noticias\">El pasado martes el Senado aprob\u00f3 la extensi\u00f3n pero con el voto favorable de solo 19 senadores debido a que los representantes de la oposici\u00f3n se retiraron del recinto y dejaron todo listo para la discusi\u00f3n en la C\u00e1mara de Diputados.<\/span><\/p>\n<p><span class=\"text1noticias\"> <\/span><\/p>\n<p><span class=\"text1noticias\">As\u00ed las cosas, la v\u00edspera se trat\u00f3 de llevar a debate la pr\u00f3rroga en esa instancia pero no fue posible, hubo que posponerla por falta de qu\u00f3rum para ma\u00f1ana.<\/span><\/p>\n<p><span class=\"text1noticias\"> <\/span><\/p>\n<p><span class=\"text1noticias\">En estas horas previas, mientras la bancada oficialista intenta conciliar posiciones en la b\u00fasqueda de la aprobaci\u00f3n del estado de emergencia al considerarlo imprescindible para poder continuar la desescalada en la naci\u00f3n, la oposici\u00f3n se mantiene en contra a pesar que no pocos sectores de la sociedad dominicana apoyan la medida.<\/span><\/p>\n<p><span class=\"text1noticias\"> <\/span><\/p>\n<p><span class=\"text1noticias\">El vocero de los diputados del opositor Partido Revolucionario Moderno, Alfredo Pacheco, dijo que la oposici\u00f3n unificada no vot\u00f3, porque el gobierno busca continuar haciendo pol\u00edtica con la pandemia.<\/span><\/p>\n<p><span class=\"text1noticias\"> <\/span><\/p>\n<p><span class=\"text1noticias\">Por su parte, el portavoz de los legisladores del partido Fuerza del Pueblo, Henry Mer\u00e1n, se\u00f1al\u00f3 que el viernes &#8216;ocurrir\u00e1 lo mismo, no habr\u00e1 qu\u00f3rum&#8217;.<\/span><\/p>\n<p><span class=\"text1noticias\"> <\/span><\/p>\n<p><span class=\"text1noticias\">Lo cierto es que el pa\u00eds se encuentra enfrascado en la reapertura econ\u00f3mica y los \u00faltimos datos del Ministerio de Salud P\u00fablica no son muy halag\u00fce\u00f1os pues van por 561 muertos y 21 mil 437 personas infectadas por la Covid-19.<\/span><\/p>\n<p><span class=\"text1noticias\"> <\/span><\/p>\n<p><span class=\"text1noticias\">El vigente estado de emergencia de 12 d\u00edas finaliza el s\u00e1bado, por lo que de no aprobarse por los diputados el pedido del ejecutivo, a partir del 14 este queda suspend<\/span>ido.<\/p>\n<\/p>\n<p>rgh\/ema<\/p>\n<h6> 2020-06-11 15:07:04 <\/h6>\n<p><!--\n<link rel=\"stylesheet\" href=\"css\/bootstrap.min.css\">\n\n\n<ul class=\"pagination\">\n\t    \n\t\n\n<li >\n\t<a href='?page_no=918'>Previous<\/a>\n\t<\/li>\n\n\n       \n    \n\n<li><a href='?page_no=1'>1<\/a><\/li>\n\n\n\n<li><a href='?page_no=2'>2<\/a><\/li>\n\n\n\n<li><a>...<\/a><\/li>\n\n\n\n<li><a href='?page_no=917'>917<\/a><\/li>\n\n\n\n<li><a href='?page_no=918'>918<\/a><\/li>\n\n\n\n<li class='active'><a>919<\/a><\/li>\n\n\n\n<li><a href='?page_no=920'>920<\/a><\/li>\n\n\n\n<li><a href='?page_no=921'>921<\/a><\/li>\n\n\n\n<li><a>...<\/a><\/li>\n\n\n\n<li><a href='?page_no=56169'>56169<\/a><\/li>\n\n\n\n<li><a href='?page_no=56170'>56170<\/a><\/li>\n\n    \n\t\n\n<li >\n\t<a href='?page_no=920'>Next<\/a>\n\t<\/li>\n\n\n    \n\n<li><a href='?page_no=56170'>Last &rsaquo;&rsaquo;<\/a><\/li>\n\n<\/ul>\n\n\n--><br \/>\n<\/body><\/p>\n","protected":false},"excerpt":{"rendered":"<p>diariodominicano.com Santo Domingo, 11 jun (Prensa Latina) El gobierno y la oposici\u00f3n dominicana se encuentran enfrentados hoy por la quinta pr\u00f3rroga del estado de excepci\u00f3n solicitada por el presidente, Danilo Medina, al Congreso de la Rep\u00fablica. Desde el anterior pedido del ejecutivo, se pronostic\u00f3 que en el fututo le iba a resultar dif\u00edcil al Gobierno [&hellip;]<\/p>\n","protected":false},"author":3,"featured_media":0,"comment_status":"open","ping_status":"open","sticky":false,"template":"","format":"standard","meta":{"footnotes":""},"categories":[20],"tags":[3556],"class_list":["post-229359","post","type-post","status-publish","format-standard","hentry","category-dominicana-hoy","tag-prensa-latina"],"_links":{"self":[{"href":"https:\/\/diariodominicano.com\/index.php?rest_route=\/wp\/v2\/posts\/229359","targetHints":{"allow":["GET"]}}],"collection":[{"href":"https:\/\/diariodominicano.com\/index.php?rest_route=\/wp\/v2\/posts"}],"about":[{"href":"https:\/\/diariodominicano.com\/index.php?rest_route=\/wp\/v2\/types\/post"}],"author":[{"embeddable":true,"href":"https:\/\/diariodominicano.com\/index.php?rest_route=\/wp\/v2\/users\/3"}],"replies":[{"embeddable":true,"href":"https:\/\/diariodominicano.com\/index.php?rest_route=%2Fwp%2Fv2%2Fcomments&post=229359"}],"version-history":[{"count":1,"href":"https:\/\/diariodominicano.com\/index.php?rest_route=\/wp\/v2\/posts\/229359\/revisions"}],"predecessor-version":[{"id":657359,"href":"https:\/\/diariodominicano.com\/index.php?rest_route=\/wp\/v2\/posts\/229359\/revisions\/657359"}],"wp:attachment":[{"href":"https:\/\/diariodominicano.com\/index.php?rest_route=%2Fwp%2Fv2%2Fmedia&parent=229359"}],"wp:term":[{"taxonomy":"category","embeddable":true,"href":"https:\/\/diariodominicano.com\/index.php?rest_route=%2Fwp%2Fv2%2Fcategories&post=229359"},{"taxonomy":"post_tag","embeddable":true,"href":"https:\/\/diariodominicano.com\/index.php?rest_route=%2Fwp%2Fv2%2Ftags&post=229359"}],"curies":[{"name":"wp","href":"https:\/\/api.w.org\/{rel}","templated":true}]}}