{"id":229147,"date":"2020-11-28T22:14:07","date_gmt":"2020-11-28T22:14:07","guid":{"rendered":"http:\/\/diariodominicano.ddns.net\/?p=229147"},"modified":"2020-11-28T22:14:07","modified_gmt":"2020-11-28T22:14:07","slug":"presidente-luis-abinader-anuncia-programa-para-dotar-de-titulos-de-propiedad-a-residentes-en-villa-hermosa-la-romana","status":"publish","type":"post","link":"https:\/\/diariodominicano.com\/?p=229147","title":{"rendered":"Presidente Luis Abinader anuncia programa para dotar de t\u00edtulos de propiedad a residentes en Villa Hermosa, La Romana"},"content":{"rendered":"<p><body><\/p>\n<p><img decoding=\"async\" src=\"img3\/PteLa Romana28-11-20.jpeg\" \/>  <\/p>\n<p><span class=\"text1noticias\"> <\/span><\/p>\n<p><span class=\"text1noticias\">diariodominicano.com<\/span><\/p>\n<p><span class=\"text1noticias\"> <\/span><\/p>\n<p><span class=\"text1noticias\">Villa Hermosa, La Romana, R. D., 28 de noviembre, 2020.- El presidente Luis Abinader dispuso iniciar los tr\u00e1mites para dotar de t\u00edtulos de propiedad a familias que habitan en terrenos del Estado en este municipio.<\/span><\/p>\n<p><span class=\"text1noticias\"> <\/span><\/p>\n<p><span class=\"text1noticias\">Inform\u00f3 que el programa tambi\u00e9n abarca la reparaci\u00f3n de la marginal por parte de Obras P\u00fablicas y la reparaci\u00f3n de viviendas a trav\u00e9s del programa Dominica se Reconstruye.<\/span><\/p>\n<p><span class=\"text1noticias\"> <\/span><\/p>\n<p><span class=\"text1noticias\">\u00abQueremos que cada madre, cada mujer, cada familia de Villa Hermosa pueda ense\u00f1ar su t\u00edtulo de propiedad y al mismo tiempo mejorarles sus viviendas\u00bb, expres\u00f3 el mandatario.<\/span><\/p>\n<p><span class=\"text1noticias\"> <\/span><\/p>\n<p><span class=\"text1noticias\">De su lado, M\u00e9rido de Jes\u00fas Torres Espinal, director de la Comisi\u00f3n Permanente de Titulaci\u00f3n de Terrenos del Estado, manifest\u00f3 que el proyecto incluye 7 mil viviendas y beneficiar\u00e1 a 30 mil personas de manera directa.<\/span><\/p>\n<p><span class=\"text1noticias\"> <\/span><\/p>\n<p><span class=\"text1noticias\">Las familias ocupan 1,242,732,17 m2 de la parcela 27, propiedad del Estado y del Ayuntamiento de Vista Hermosa.<\/span><\/p>\n<p><span class=\"text1noticias\"> <\/span><\/p>\n<p><span class=\"text1noticias\">\u00abEstas personas podr\u00e1n ser agentes de cr\u00e9dito y podr\u00e1n ir a los bancos a realizar negocios y podr\u00e1n arreglar sus viviendas\u00bb, explic\u00f3 el funcionario al citar algunos de los beneficios que aportar\u00e1 el programa.<\/span><\/p>\n<p><span class=\"text1noticias\"> <\/span><\/p>\n<p><span class=\"text1noticias\">Con esta iniciativa el presidente Abinader procura que las familias tengan un verdadero cambio de vida, agreg\u00f3 M\u00e9rido de Jes\u00fas Torres Espinal.<\/span><\/p>\n<p><span class=\"text1noticias\"> <\/span><\/p>\n<p><span class=\"text1noticias\">En la actividad estuvieron presentes Favio Noel, alcalde de Villa Hermosa; Carlos Bonilla, director del INVI; Jacqueline Fern\u00e1ndez, gobernadora provincial, entre otras aut<\/span>oridades.<\/p>\n<\/p>\n<p><span class=\"text1noticias\">Fuente: Presidencia de la Rep\u00fablica Dominicana<\/span><\/p>\n<p><span class=\"text1noticias\">Noticias<\/span><\/p>\n<h6> 2020-11-28 22:14:07 <\/h6>\n<p><!--\n<link rel=\"stylesheet\" href=\"css\/bootstrap.min.css\">\n\n\n<ul class=\"pagination\">\n\t    \n\t\n\n<li >\n\t<a href='?page_no=8'>Previous<\/a>\n\t<\/li>\n\n\n       \n    \n\n<li><a href='?page_no=1'>1<\/a><\/li>\n\n\n\n<li><a href='?page_no=2'>2<\/a><\/li>\n\n\n\n<li><a>...<\/a><\/li>\n\n\n\n<li><a href='?page_no=7'>7<\/a><\/li>\n\n\n\n<li><a href='?page_no=8'>8<\/a><\/li>\n\n\n\n<li class='active'><a>9<\/a><\/li>\n\n\n\n<li><a href='?page_no=10'>10<\/a><\/li>\n\n\n\n<li><a href='?page_no=11'>11<\/a><\/li>\n\n\n\n<li><a>...<\/a><\/li>\n\n\n\n<li><a href='?page_no=56169'>56169<\/a><\/li>\n\n\n\n<li><a href='?page_no=56170'>56170<\/a><\/li>\n\n    \n\t\n\n<li >\n\t<a href='?page_no=10'>Next<\/a>\n\t<\/li>\n\n\n    \n\n<li><a href='?page_no=56170'>Last &rsaquo;&rsaquo;<\/a><\/li>\n\n<\/ul>\n\n\n--><br \/>\n<\/body><\/p>\n","protected":false},"excerpt":{"rendered":"<p>diariodominicano.com Villa Hermosa, La Romana, R. D., 28 de noviembre, 2020.- El presidente Luis Abinader dispuso iniciar los tr\u00e1mites para dotar de t\u00edtulos de propiedad a familias que habitan en terrenos del Estado en este municipio. Inform\u00f3 que el programa tambi\u00e9n abarca la reparaci\u00f3n de la marginal por parte de Obras P\u00fablicas y la reparaci\u00f3n [&hellip;]<\/p>\n","protected":false},"author":3,"featured_media":0,"comment_status":"open","ping_status":"open","sticky":false,"template":"","format":"standard","meta":{"footnotes":""},"categories":[20],"tags":[],"class_list":["post-229147","post","type-post","status-publish","format-standard","hentry","category-dominicana-hoy"],"_links":{"self":[{"href":"https:\/\/diariodominicano.com\/index.php?rest_route=\/wp\/v2\/posts\/229147","targetHints":{"allow":["GET"]}}],"collection":[{"href":"https:\/\/diariodominicano.com\/index.php?rest_route=\/wp\/v2\/posts"}],"about":[{"href":"https:\/\/diariodominicano.com\/index.php?rest_route=\/wp\/v2\/types\/post"}],"author":[{"embeddable":true,"href":"https:\/\/diariodominicano.com\/index.php?rest_route=\/wp\/v2\/users\/3"}],"replies":[{"embeddable":true,"href":"https:\/\/diariodominicano.com\/index.php?rest_route=%2Fwp%2Fv2%2Fcomments&post=229147"}],"version-history":[{"count":0,"href":"https:\/\/diariodominicano.com\/index.php?rest_route=\/wp\/v2\/posts\/229147\/revisions"}],"wp:attachment":[{"href":"https:\/\/diariodominicano.com\/index.php?rest_route=%2Fwp%2Fv2%2Fmedia&parent=229147"}],"wp:term":[{"taxonomy":"category","embeddable":true,"href":"https:\/\/diariodominicano.com\/index.php?rest_route=%2Fwp%2Fv2%2Fcategories&post=229147"},{"taxonomy":"post_tag","embeddable":true,"href":"https:\/\/diariodominicano.com\/index.php?rest_route=%2Fwp%2Fv2%2Ftags&post=229147"}],"curies":[{"name":"wp","href":"https:\/\/api.w.org\/{rel}","templated":true}]}}