{"id":228036,"date":"2020-11-29T13:02:35","date_gmt":"2020-11-29T13:02:35","guid":{"rendered":"http:\/\/diariodominicano.ddns.net\/?p=228036"},"modified":"2020-11-29T13:02:35","modified_gmt":"2020-11-29T13:02:35","slug":"miembros-de-la-dncd-tendran-cobertura-de-salud-a-traves-de-senasa","status":"publish","type":"post","link":"https:\/\/diariodominicano.com\/?p=228036","title":{"rendered":"Miembros de la DNCD tendr\u00e1n cobertura de salud a trav\u00e9s de SeNaSa"},"content":{"rendered":"<p><body><\/p>\n<p><img decoding=\"async\" src=\"img3\/senasaPN29-11-20.jpeg\" \/>  <\/p>\n<p><span class=\"text1noticias\"> <\/span><\/p>\n<p><span class=\"text1noticias\">diariodominicano.com<\/span><\/p>\n<p><span class=\"text1noticias\"> <\/span> <\/p>\n<p><span class=\"text1noticias\">Santo Domingo, R. D., 29 de .- M\u00e1s de dos mil polic\u00edas, militares y civiles de la Direcci\u00f3n Nacional de Control de Drogas (DNCD) y sus dependientes tendr\u00e1n acceso a la salud de manera oportuna y de calidad a trav\u00e9s del R\u00e9gimen Subsidiado del Seguro Nacional de Salud (SeNaSa), que garantiza el respaldo de los agentes y sus familiares ante cualquier situaci\u00f3n de salud.<\/span><\/p>\n<\/p>\n<p><span class=\"text1noticias\">Durante la firma de un acuerdo entre el director ejecutivo de SeNaSa, Dr. Santiago Hazim, y el presidente de la DNCD, Contralmirante Jos\u00e9 Manuel Cabrera Ulloa, la ARS Estatal se comprometi\u00f3 a promover la salud de calidad y la prevenci\u00f3n de las enfermedades, mientras que la DNCD ofrecer\u00e1 charlas, conferencias, capacitaci\u00f3n y orientaci\u00f3n relacionadas con el uso, consumo y abuso de las drogas. <\/span><\/p>\n<p><span class=\"text1noticias\"> <\/span><\/p>\n<p><span class=\"text1noticias\">\u00abDesde SeNaSa entendemos que las fuerzas castrenses son de los grupos que tienen m\u00e1s riesgos en el ejercicio de sus funciones. Son personas que est\u00e1n enfrentando diferentes delitos cada d\u00eda y entendemos que esas acciones hay que reconocerlas, por eso a partir de hoy tendr\u00e1n garant\u00eda en salud junto a sus familiares a trav\u00e9s de un seguro de calidad\u00bb, manifest\u00f3 el Dr. Santiago Hazim, director ejecutivo de SeNaSa.<\/span><\/p>\n<p><span class=\"text1noticias\"> <\/span><\/p>\n<p><span class=\"text1noticias\">Mientras que el presidente de la DNCD, expres\u00f3 que \u00abeste es un d\u00eda de trascendental importancia, porque tras la firma de este valioso acuerdo, se estar\u00e1n afiliando de manera directa m\u00e1s de dos mil miembros y unos cinco mil dependientes, por lo que se estar\u00e1 mejorando sustancialmente la calidad de vida de nuestro personal y sus familiares a trav\u00e9s de las atenciones de calidad que ofrece SeNaSa\u00bb.<\/span><\/p>\n<p><span class=\"text1noticias\"> <\/span><\/p>\n<p><span class=\"text1noticias\">Responsabilidades de las entidades<\/span><\/p>\n<p><span class=\"text1noticias\">Con la firma del acuerdo, SeNaSa se compromete a instalar puntos de afiliaci\u00f3n en la sede principal de la DNCD, e informar a la poblaci\u00f3n objeto del presente Convenio, sobre las coberturas del R\u00e9gimen Subsidiado, as\u00ed como tambi\u00e9n los derechos y deberes de acuerdo a este r\u00e9gimen. <\/span><\/p>\n<\/p>\n<p><span class=\"text1noticias\">Mientras que la DNCD llevar\u00e1 a cabo campa\u00f1as para la prevenci\u00f3n del uso de drogas y sustancias controladas, as\u00ed como la mitigaci\u00f3n de los da\u00f1os colaterales, participar en actividades que mejoren la comprensi\u00f3n mutua y la colaboraci\u00f3n entre ambas instituciones en actividades organizadas por ambas instituciones, y establecer mecanismos y t\u00e9rminos adicionales de inter\u00e9s com\u00fan que permitan el cumplimiento efectivo de los acuerdos aqu\u00ed consignados. <\/span><\/p>\n<p><span class=\"text1noticias\"> <\/span><\/p>\n<p><span class=\"text1noticias\">Pie de foto:<\/span><\/p>\n<p><span class=\"text1noticias\">01: El director ejecutivo de SeNaSa, Dr. Santiago Hazim, y el presidente de la DNCD, Contralmirante Jos\u00e9 Manuel Cabrera Ulloa, durante la firma dela acuerdo.<\/span><\/p>\n<p><span class=\"text1noticias\">02: Los titulares de SeNaSa y DNCD tras la firma del acu<\/span>erdo.<\/p>\n<\/p>\n<p><span class=\"text1noticias\">Fuente: Prensa ARS SeNaSa<\/span><\/p>\n<h6> 2020-11-29 13:02:35 <\/h6>\n<p><!--\n<link rel=\"stylesheet\" href=\"css\/bootstrap.min.css\">\n\n\n<ul class=\"pagination\">\n\t    \n\t\n\n<li >\n\t<a href='?page_no=7'>Previous<\/a>\n\t<\/li>\n\n\n       \n    \n\n<li><a href='?page_no=1'>1<\/a><\/li>\n\n\n\n<li><a href='?page_no=2'>2<\/a><\/li>\n\n\n\n<li><a>...<\/a><\/li>\n\n\n\n<li><a href='?page_no=6'>6<\/a><\/li>\n\n\n\n<li><a href='?page_no=7'>7<\/a><\/li>\n\n\n\n<li class='active'><a>8<\/a><\/li>\n\n\n\n<li><a href='?page_no=9'>9<\/a><\/li>\n\n\n\n<li><a href='?page_no=10'>10<\/a><\/li>\n\n\n\n<li><a>...<\/a><\/li>\n\n\n\n<li><a href='?page_no=56169'>56169<\/a><\/li>\n\n\n\n<li><a href='?page_no=56170'>56170<\/a><\/li>\n\n    \n\t\n\n<li >\n\t<a href='?page_no=9'>Next<\/a>\n\t<\/li>\n\n\n    \n\n<li><a href='?page_no=56170'>Last &rsaquo;&rsaquo;<\/a><\/li>\n\n<\/ul>\n\n\n--><br \/>\n<\/body><\/p>\n","protected":false},"excerpt":{"rendered":"<p>diariodominicano.com Santo Domingo, R. D., 29 de .- M\u00e1s de dos mil polic\u00edas, militares y civiles de la Direcci\u00f3n Nacional de Control de Drogas (DNCD) y sus dependientes tendr\u00e1n acceso a la salud de manera oportuna y de calidad a trav\u00e9s del R\u00e9gimen Subsidiado del Seguro Nacional de Salud (SeNaSa), que garantiza el respaldo de [&hellip;]<\/p>\n","protected":false},"author":3,"featured_media":0,"comment_status":"open","ping_status":"open","sticky":false,"template":"","format":"standard","meta":{"footnotes":""},"categories":[20],"tags":[],"class_list":["post-228036","post","type-post","status-publish","format-standard","hentry","category-dominicana-hoy"],"_links":{"self":[{"href":"https:\/\/diariodominicano.com\/index.php?rest_route=\/wp\/v2\/posts\/228036","targetHints":{"allow":["GET"]}}],"collection":[{"href":"https:\/\/diariodominicano.com\/index.php?rest_route=\/wp\/v2\/posts"}],"about":[{"href":"https:\/\/diariodominicano.com\/index.php?rest_route=\/wp\/v2\/types\/post"}],"author":[{"embeddable":true,"href":"https:\/\/diariodominicano.com\/index.php?rest_route=\/wp\/v2\/users\/3"}],"replies":[{"embeddable":true,"href":"https:\/\/diariodominicano.com\/index.php?rest_route=%2Fwp%2Fv2%2Fcomments&post=228036"}],"version-history":[{"count":0,"href":"https:\/\/diariodominicano.com\/index.php?rest_route=\/wp\/v2\/posts\/228036\/revisions"}],"wp:attachment":[{"href":"https:\/\/diariodominicano.com\/index.php?rest_route=%2Fwp%2Fv2%2Fmedia&parent=228036"}],"wp:term":[{"taxonomy":"category","embeddable":true,"href":"https:\/\/diariodominicano.com\/index.php?rest_route=%2Fwp%2Fv2%2Fcategories&post=228036"},{"taxonomy":"post_tag","embeddable":true,"href":"https:\/\/diariodominicano.com\/index.php?rest_route=%2Fwp%2Fv2%2Ftags&post=228036"}],"curies":[{"name":"wp","href":"https:\/\/api.w.org\/{rel}","templated":true}]}}