{"id":226639,"date":"2018-05-14T12:30:26","date_gmt":"2018-05-14T12:30:26","guid":{"rendered":"http:\/\/diariodominicano.ddns.net\/?p=226639"},"modified":"2025-03-31T22:15:02","modified_gmt":"2025-04-01T02:15:02","slug":"diputado-rafael-mendez-realiza-varias-acciones-sociales-en-neiba","status":"publish","type":"post","link":"https:\/\/diariodominicano.com\/?p=226639","title":{"rendered":"Diputado Rafael M\u00e9ndez realiza varias acciones sociales en Neiba"},"content":{"rendered":"<p><body><\/p>\n<p><img decoding=\"async\" src=\"img3\/neyb.jpg\" \/>  <\/p>\n<p>NEIBA: En la continuaci\u00f3n de siempre poner en alto su vocaci\u00f3n del trabajo social, el diputado Rafael M\u00e9ndez, realiz\u00f3 el pasado fin de<\/p>\n<p>semana importantes acciones que los municipios de Neiba, Galv\u00e1n, Villa Jaragua y el distrito municipal de Las Clavellinas.<\/p>\n<\/p>\n<p>En Neiba, el legislador realiz\u00f3 encuentros con j\u00f3venes que hacen cine, con el prop\u00f3sito de coordinar una serie de actividades formativas en<\/p>\n<p>el \u00e1rea cinematogr\u00e1fica y de proyecci\u00f3n de su producci\u00f3n fuera de linderos de la Provincia Bahoruco.<\/p>\n<\/p>\n<p>En Las Clavellinas, el diputado particip\u00f3 en una de las entregas del programa Beb\u00e9, Pi\u00e9nsalo Bien, que en su tercera versi\u00f3n se ejecuta en<\/p>\n<p>todos la poblaci\u00f3n estudiantil en edades comprendidas entre 12 y 17 a\u00f1os.<\/p>\n<\/p>\n<p>El programa Beb\u00e9, Pi\u00e9nsalo Bien se ejecuta en coordinaci\u00f3n entre el despacho de la Vice presencia de la Republica y la Fundaci\u00f3n Padrino de las Escuelas de Bahoruco.<\/p>\n<\/p>\n<p>En Galv\u00e1n, entreg\u00f3 nueve premios, consistentes en televisores y tablets a los estudiantes que ganaron los primeros lugares en los<\/p>\n<p>concursos de lectura y ortograf\u00eda, as\u00ed como polochet a los integrantes del Comit\u00e9 Municipal de Cultura, organizadores del concurso.<\/p>\n<\/p>\n<p>En Villa Jaragua, el diputado Mendez entreg\u00f3 uniformes a deportistas.<\/p>\n<h6> 2018-05-14 12:30:26 <\/h6>\n<p><!--\n<link rel=\"stylesheet\" href=\"css\/bootstrap.min.css\">\n\n\n<ul class=\"pagination\">\n\t    \n\t\n\n<li >\n\t<a href='?page_no=6740'>Previous<\/a>\n\t<\/li>\n\n\n       \n    \n\n<li><a href='?page_no=1'>1<\/a><\/li>\n\n\n\n<li><a href='?page_no=2'>2<\/a><\/li>\n\n\n\n<li><a>...<\/a><\/li>\n\n\n\n<li><a href='?page_no=6739'>6739<\/a><\/li>\n\n\n\n<li><a href='?page_no=6740'>6740<\/a><\/li>\n\n\n\n<li class='active'><a>6741<\/a><\/li>\n\n\n\n<li><a href='?page_no=6742'>6742<\/a><\/li>\n\n\n\n<li><a href='?page_no=6743'>6743<\/a><\/li>\n\n\n\n<li><a>...<\/a><\/li>\n\n\n\n<li><a href='?page_no=56169'>56169<\/a><\/li>\n\n\n\n<li><a href='?page_no=56170'>56170<\/a><\/li>\n\n    \n\t\n\n<li >\n\t<a href='?page_no=6742'>Next<\/a>\n\t<\/li>\n\n\n    \n\n<li><a href='?page_no=56170'>Last &rsaquo;&rsaquo;<\/a><\/li>\n\n<\/ul>\n\n\n--><br \/>\n<\/body><\/p>\n","protected":false},"excerpt":{"rendered":"<p>NEIBA: En la continuaci\u00f3n de siempre poner en alto su vocaci\u00f3n del trabajo social, el diputado Rafael M\u00e9ndez, realiz\u00f3 el pasado fin de semana importantes acciones que los municipios de Neiba, Galv\u00e1n, Villa Jaragua y el distrito municipal de Las Clavellinas. En Neiba, el legislador realiz\u00f3 encuentros con j\u00f3venes que hacen cine, con el prop\u00f3sito [&hellip;]<\/p>\n","protected":false},"author":3,"featured_media":585841,"comment_status":"open","ping_status":"open","sticky":false,"template":"","format":"standard","meta":{"footnotes":""},"categories":[20],"tags":[178],"class_list":["post-226639","post","type-post","status-publish","format-standard","has-post-thumbnail","hentry","category-dominicana-hoy","tag-rafael-mendez"],"_links":{"self":[{"href":"https:\/\/diariodominicano.com\/index.php?rest_route=\/wp\/v2\/posts\/226639","targetHints":{"allow":["GET"]}}],"collection":[{"href":"https:\/\/diariodominicano.com\/index.php?rest_route=\/wp\/v2\/posts"}],"about":[{"href":"https:\/\/diariodominicano.com\/index.php?rest_route=\/wp\/v2\/types\/post"}],"author":[{"embeddable":true,"href":"https:\/\/diariodominicano.com\/index.php?rest_route=\/wp\/v2\/users\/3"}],"replies":[{"embeddable":true,"href":"https:\/\/diariodominicano.com\/index.php?rest_route=%2Fwp%2Fv2%2Fcomments&post=226639"}],"version-history":[{"count":1,"href":"https:\/\/diariodominicano.com\/index.php?rest_route=\/wp\/v2\/posts\/226639\/revisions"}],"predecessor-version":[{"id":606942,"href":"https:\/\/diariodominicano.com\/index.php?rest_route=\/wp\/v2\/posts\/226639\/revisions\/606942"}],"wp:featuredmedia":[{"embeddable":true,"href":"https:\/\/diariodominicano.com\/index.php?rest_route=\/wp\/v2\/media\/585841"}],"wp:attachment":[{"href":"https:\/\/diariodominicano.com\/index.php?rest_route=%2Fwp%2Fv2%2Fmedia&parent=226639"}],"wp:term":[{"taxonomy":"category","embeddable":true,"href":"https:\/\/diariodominicano.com\/index.php?rest_route=%2Fwp%2Fv2%2Fcategories&post=226639"},{"taxonomy":"post_tag","embeddable":true,"href":"https:\/\/diariodominicano.com\/index.php?rest_route=%2Fwp%2Fv2%2Ftags&post=226639"}],"curies":[{"name":"wp","href":"https:\/\/api.w.org\/{rel}","templated":true}]}}