{"id":226259,"date":"2020-11-18T13:05:41","date_gmt":"2020-11-18T13:05:41","guid":{"rendered":"http:\/\/diariodominicano.ddns.net\/?p=226259"},"modified":"2020-11-18T13:05:41","modified_gmt":"2020-11-18T13:05:41","slug":"ministerio-salud-reitera-que-buen-comportamiento-de-la-poblacion-sera-clave-para-seguir-disminuyendo-casos-coronavirus","status":"publish","type":"post","link":"https:\/\/diariodominicano.com\/?p=226259","title":{"rendered":"Ministerio Salud reitera que buen comportamiento de la poblaci\u00f3n ser\u00e1 clave para seguir disminuyendo casos coronavirus"},"content":{"rendered":"<p><body><\/p>\n<p><img decoding=\"async\" src=\"img3\/Salud18-11-20.jpg\" \/>  <\/p>\n<p><span class=\"text1noticias\">diariodominicano.com<\/span><\/p>\n<p><span class=\"text1noticias\"> <\/span><\/p>\n<p> Santo Domingo, R. D., 18 de noviembre, 2020.- <span class=\"text1noticias\">Un total de 460 casos de transmisi\u00f3n comunitaria de la COVID-19, fueron detectados en las \u00faltimas 24 horas por las autoridades sanitarias dominicanas con lo que se eleva la cifra de contagios a 135 mil 157, mientras que la cantidad de pacientes que se han recuperado de la enfermedad, alcanza 110 mil 871 del total de casos.<\/span><\/p>\n<p><span class=\"text1noticias\"> <\/span><\/p>\n<p><span class=\"text1noticias\">En tanto, aseguran que el buen comportamiento de la poblaci\u00f3n, con el uso de mascarillas, distanciamiento f\u00edsico, respeto al horario de toque de queda, ser\u00e1 clave para poder alcanzar niveles m\u00e1s bajos en la incidencia de coronavirus y disminuir las muertes por la COVID-19.<\/span><\/p>\n<p><span class=\"text1noticias\"> <\/span><\/p>\n<p><span class=\"text1noticias\">La viceministra de Salud Colectiva, doctora Ivelise Acosta dijo que las autoridades de Salud sostienen la misma posici\u00f3n que hasta el momento han expresado que se mantengan las medidas establecidas con relaci\u00f3n al horario del toque de queda para las fechas navide\u00f1as.<\/span><\/p>\n<p><span class=\"text1noticias\"> <\/span><\/p>\n<p><span class=\"text1noticias\">Destacaron que el Distrito Nacional, la provincia Santo Domingo, Monse\u00f1or Nouel, Duarte y San Jos\u00e9 de Ocoa est\u00e1n siendo vigilados muy de cerca por ser las localidades que en los \u00faltimos d\u00edas han presentado un leve aumento de contagios del virus.<\/span><\/p>\n<p><span class=\"text1noticias\"> <\/span><\/p>\n<p><span class=\"text1noticias\">El Distrito Nacional tiene registrados 35,300 casos, la provincia Santo Domingo 27,371; Monse\u00f1or Nouel 1,893, Duarte 3,565 y San Jos\u00e9 de Ocoa, 577 casos de coronavirus. Seguido por Santiago de los Caballeros que reporta 14,723, La Altagracia 4,954 y San Crist\u00f3bal con 4 mil 890 casos.<\/span><\/p>\n<p><span class=\"text1noticias\"> <\/span><\/p>\n<p><span class=\"text1noticias\">Las autoridades del Ministerio de Salud, a trav\u00e9s de la acostumbrada rueda de prensa para dar seguimiento a la incidencia de la enfermedad explicaron que hasta el momento el pa\u00eds cuenta con 21 mil 993 casos activos, de los cuales 524,003 han sido descartados.<\/span><\/p>\n<p><span class=\"text1noticias\"> <\/span><\/p>\n<p><span class=\"text1noticias\">Sobre los fallecidos precis\u00f3 que fueron notificados tres en las \u00faltimas 24 horas y ninguna muerte sucedi\u00f3 en ese lapso de tiempo con unaletalidad en 1.70 por ciento.<\/span><\/p>\n<p><span class=\"text1noticias\"> <\/span><\/p>\n<p><span class=\"text1noticias\">El director general de Epidemiolog\u00eda, doctor Ronald Skewes explic\u00f3, a trav\u00e9s de un gr\u00e1fico el comportamiento de los nuevos casos de transmisi\u00f3n comunitaria que viene presentando los casos del coronavirus en el pa\u00eds,<\/span><\/p>\n<p><span class=\"text1noticias\"> <\/span><\/p>\n<p><span class=\"text1noticias\">En lo que respecta a la positividad en las \u00faltimas cuatro semanas dijo que ha sufrido un leve aumento situ\u00e1ndose en 10.23 por ciento y la diaria 11.89 por ciento.<\/span><\/p>\n<p><span class=\"text1noticias\"> <\/span><\/p>\n<p><span class=\"text1noticias\">Tambi\u00e9n hasta la fecha se han realizado 659 mil 160 pruebas lo que representa 63,087 pruebas por mill\u00f3n de habitantes.<\/span><\/p>\n<p><span class=\"text1noticias\"> <\/span><\/p>\n<p><span class=\"text1noticias\">Grupos de riesgo<\/span><\/p>\n<p><span class=\"text1noticias\"> <\/span><\/p>\n<p><span class=\"text1noticias\">Las autoridades de Salud hicieron \u00e9nfasis en la cantidad en menores de 20 a\u00f1os de edad que est\u00e1n siendo afectados por el virus sumando el total 12, 906 personas. Se\u00f1alaron que 603 trabajadores de la salud se han reportado con la enfermedad desde que inici\u00f3 la pandemia en el pa\u00eds y la cantidad de embarazadas aquejadas es de 263.<\/span><\/p>\n<p><span class=\"text1noticias\"> <\/span><\/p>\n<p><span class=\"text1noticias\">Indicaron que las afecciones de salud, las card\u00edacas y la diabetes, son las comorbilidades que han causado el mayor \u00edndice de muertes con la enfermedad del coronavirus (COVID-19) en un 20.67% y 32.36% respectivamente.<\/span><\/p>\n<p><span class=\"text1noticias\"> <\/span><\/p>\n<p><span class=\"text1noticias\">Situaci\u00f3n hospitalaria<\/span><\/p>\n<p><span class=\"text1noticias\"> <\/span><\/p>\n<p><span class=\"text1noticias\">De acuerdo al reporte del bolet\u00edn 244 emitido por la Direcci\u00f3n General de Epidemiologia (DIGEPI), la ocupaci\u00f3n de camas en Unidades de Cuidados Intensivos (UCI) es de 37% con 195 ocupadas de 532 disponibles. La disponibilidad de camas COVID-19 es de 3,222, de las cuales est\u00e1n ocupadas 660, para un 20 por ciento. En cuanto a ventiladores, se dispone de 426, de estos est\u00e1n en uso solo 100, para un 23 por ciento.<\/span><\/p>\n<p><span class=\"text1noticias\">Recomendaciones<\/span><\/p>\n<p><span class=\"text1noticias\"> <\/span><\/p>\n<p><span class=\"text1noticias\">En la rueda de prensa adem\u00e1s estuvo el doctor Eddy P\u00e9rez Then asesor del Ministerio de Salud quien pidi\u00f3 a la poblaci\u00f3n seguir tomando las precauciones adecuadas para protegerse. Mantener el distanciamiento f\u00edsico y el uso de mascarillas en \u00e1reas p\u00fablicas y laborales, de manera obligatoria y recomienda el lavado de las manos con agua y jab\u00f3n de manera frecuente y el uso de aplicaci\u00f3n de un gel a base de alcohol.<\/span><\/p>\n<\/p>\n<p><span class=\"text1noticias\">Fuente: Direcci\u00f3n General de Comun<\/span>icaci\u00f3n Estrat\u00e9gica<span class=\"text1noticias\"> <\/span><\/p>\n<p><span class=\"text1noticias\">18 de noviembre del 2020<\/span><\/p>\n<h6> 2020-11-18 13:05:41 <\/h6>\n<p><!--\n<link rel=\"stylesheet\" href=\"css\/bootstrap.min.css\">\n\n\n<ul class=\"pagination\">\n\t    \n\t\n\n<li >\n\t<a href='?page_no=63'>Previous<\/a>\n\t<\/li>\n\n\n       \n    \n\n<li><a href='?page_no=1'>1<\/a><\/li>\n\n\n\n<li><a href='?page_no=2'>2<\/a><\/li>\n\n\n\n<li><a>...<\/a><\/li>\n\n\n\n<li><a href='?page_no=62'>62<\/a><\/li>\n\n\n\n<li><a href='?page_no=63'>63<\/a><\/li>\n\n\n\n<li class='active'><a>64<\/a><\/li>\n\n\n\n<li><a href='?page_no=65'>65<\/a><\/li>\n\n\n\n<li><a href='?page_no=66'>66<\/a><\/li>\n\n\n\n<li><a>...<\/a><\/li>\n\n\n\n<li><a href='?page_no=56169'>56169<\/a><\/li>\n\n\n\n<li><a href='?page_no=56170'>56170<\/a><\/li>\n\n    \n\t\n\n<li >\n\t<a href='?page_no=65'>Next<\/a>\n\t<\/li>\n\n\n    \n\n<li><a href='?page_no=56170'>Last &rsaquo;&rsaquo;<\/a><\/li>\n\n<\/ul>\n\n\n--><br \/>\n<\/body><\/p>\n","protected":false},"excerpt":{"rendered":"<p>diariodominicano.com Santo Domingo, R. D., 18 de noviembre, 2020.- Un total de 460 casos de transmisi\u00f3n comunitaria de la COVID-19, fueron detectados en las \u00faltimas 24 horas por las autoridades sanitarias dominicanas con lo que se eleva la cifra de contagios a 135 mil 157, mientras que la cantidad de pacientes que se han recuperado [&hellip;]<\/p>\n","protected":false},"author":3,"featured_media":0,"comment_status":"open","ping_status":"open","sticky":false,"template":"","format":"standard","meta":{"footnotes":""},"categories":[20],"tags":[],"class_list":["post-226259","post","type-post","status-publish","format-standard","hentry","category-dominicana-hoy"],"_links":{"self":[{"href":"https:\/\/diariodominicano.com\/index.php?rest_route=\/wp\/v2\/posts\/226259","targetHints":{"allow":["GET"]}}],"collection":[{"href":"https:\/\/diariodominicano.com\/index.php?rest_route=\/wp\/v2\/posts"}],"about":[{"href":"https:\/\/diariodominicano.com\/index.php?rest_route=\/wp\/v2\/types\/post"}],"author":[{"embeddable":true,"href":"https:\/\/diariodominicano.com\/index.php?rest_route=\/wp\/v2\/users\/3"}],"replies":[{"embeddable":true,"href":"https:\/\/diariodominicano.com\/index.php?rest_route=%2Fwp%2Fv2%2Fcomments&post=226259"}],"version-history":[{"count":0,"href":"https:\/\/diariodominicano.com\/index.php?rest_route=\/wp\/v2\/posts\/226259\/revisions"}],"wp:attachment":[{"href":"https:\/\/diariodominicano.com\/index.php?rest_route=%2Fwp%2Fv2%2Fmedia&parent=226259"}],"wp:term":[{"taxonomy":"category","embeddable":true,"href":"https:\/\/diariodominicano.com\/index.php?rest_route=%2Fwp%2Fv2%2Fcategories&post=226259"},{"taxonomy":"post_tag","embeddable":true,"href":"https:\/\/diariodominicano.com\/index.php?rest_route=%2Fwp%2Fv2%2Ftags&post=226259"}],"curies":[{"name":"wp","href":"https:\/\/api.w.org\/{rel}","templated":true}]}}